{"id":26133,"date":"2024-08-20T09:36:06","date_gmt":"2024-08-20T12:36:06","guid":{"rendered":"https:\/\/radiostudiow.com.br\/site\/?p=26133"},"modified":"2025-01-31T14:59:00","modified_gmt":"2025-01-31T17:59:00","slug":"jovem-e-esfaqueado-em-tentativa-de-homicidio-em-porto-uniao","status":"publish","type":"post","link":"https:\/\/radiostudiow.com.br\/site\/2024\/08\/20\/jovem-e-esfaqueado-em-tentativa-de-homicidio-em-porto-uniao\/","title":{"rendered":"Jovem \u00e9 esfaqueado em tentativa de homic\u00eddio em Porto Uni\u00e3o"},"content":{"rendered":"\n<p>A equipe da Pol\u00edcia Militar de Porto Uni\u00e3o foi acionada para atender uma ocorr\u00eancia de tentativa de homic\u00eddio no Bairro Vila Verde na madrugada deste domingo (18).<\/p>\n\n\n\n<p>Ao chegar ao local, os policiais encontraram um jovem de 21 anos ferido em via p\u00fablica, com aproximadamente quatro perfura\u00e7\u00f5es nas costas.<\/p>\n\n\n\n<figure class=\"wp-block-image size-large\"><img loading=\"lazy\" decoding=\"async\" width=\"1024\" height=\"390\" src=\"https:\/\/radiostudiow.com.br\/site\/wp-content\/uploads\/2024\/06\/449383450_900410565459867_7398886830294326458_n-1024x390.png\" alt=\"\" class=\"wp-image-24042\" srcset=\"https:\/\/radiostudiow.com.br\/site\/wp-content\/uploads\/2024\/06\/449383450_900410565459867_7398886830294326458_n-1024x390.png 1024w, https:\/\/radiostudiow.com.br\/site\/wp-content\/uploads\/2024\/06\/449383450_900410565459867_7398886830294326458_n-300x114.png 300w, https:\/\/radiostudiow.com.br\/site\/wp-content\/uploads\/2024\/06\/449383450_900410565459867_7398886830294326458_n-768x292.png 768w, https:\/\/radiostudiow.com.br\/site\/wp-content\/uploads\/2024\/06\/449383450_900410565459867_7398886830294326458_n-1536x584.png 1536w, https:\/\/radiostudiow.com.br\/site\/wp-content\/uploads\/2024\/06\/449383450_900410565459867_7398886830294326458_n-2048x779.png 2048w\" sizes=\"auto, (max-width: 1024px) 100vw, 1024px\" \/><\/figure>\n\n\n\n<p>De acordo com informa\u00e7\u00f5es preliminares, o autor do ataque seria um menor de idade, que fugiu do local e ainda n\u00e3o foi localizado pelas autoridades.<\/p>\n\n\n\n<p>O Corpo de Bombeiros foi chamado e prontamente encaminhou a v\u00edtima ao Hospital S\u00e3o Camilo, onde ele permanece hospitalizado. A Pol\u00edcia Militar segue em busca do suspeito e investiga as circunst\u00e2ncias do crime.<\/p>\n","protected":false},"excerpt":{"rendered":"<p>A equipe da Pol\u00edcia Militar de Porto Uni\u00e3o foi acionada para atender uma ocorr\u00eancia de tentativa de homic\u00eddio no Bairro Vila Verde na madrugada deste domingo (18). Ao chegar ao local, os policiais encontraram um jovem de 21 anos ferido em via p\u00fablica, com aproximadamente quatro perfura\u00e7\u00f5es nas costas. De acordo com informa\u00e7\u00f5es preliminares, o [&hellip;]<\/p>\n","protected":false},"author":2,"featured_media":22624,"comment_status":"open","ping_status":"open","sticky":false,"template":"","format":"standard","meta":{"footnotes":""},"categories":[185],"tags":[172],"class_list":["post-26133","post","type-post","status-publish","format-standard","has-post-thumbnail","hentry","category-regional","tag-featured"],"amp_enabled":true,"_links":{"self":[{"href":"https:\/\/radiostudiow.com.br\/site\/wp-json\/wp\/v2\/posts\/26133","targetHints":{"allow":["GET"]}}],"collection":[{"href":"https:\/\/radiostudiow.com.br\/site\/wp-json\/wp\/v2\/posts"}],"about":[{"href":"https:\/\/radiostudiow.com.br\/site\/wp-json\/wp\/v2\/types\/post"}],"author":[{"embeddable":true,"href":"https:\/\/radiostudiow.com.br\/site\/wp-json\/wp\/v2\/users\/2"}],"replies":[{"embeddable":true,"href":"https:\/\/radiostudiow.com.br\/site\/wp-json\/wp\/v2\/comments?post=26133"}],"version-history":[{"count":1,"href":"https:\/\/radiostudiow.com.br\/site\/wp-json\/wp\/v2\/posts\/26133\/revisions"}],"predecessor-version":[{"id":26134,"href":"https:\/\/radiostudiow.com.br\/site\/wp-json\/wp\/v2\/posts\/26133\/revisions\/26134"}],"wp:featuredmedia":[{"embeddable":true,"href":"https:\/\/radiostudiow.com.br\/site\/wp-json\/wp\/v2\/media\/22624"}],"wp:attachment":[{"href":"https:\/\/radiostudiow.com.br\/site\/wp-json\/wp\/v2\/media?parent=26133"}],"wp:term":[{"taxonomy":"category","embeddable":true,"href":"https:\/\/radiostudiow.com.br\/site\/wp-json\/wp\/v2\/categories?post=26133"},{"taxonomy":"post_tag","embeddable":true,"href":"https:\/\/radiostudiow.com.br\/site\/wp-json\/wp\/v2\/tags?post=26133"}],"curies":[{"name":"wp","href":"https:\/\/api.w.org\/{rel}","templated":true}]}}