{"id":26141,"date":"2024-08-20T09:45:21","date_gmt":"2024-08-20T12:45:21","guid":{"rendered":"https:\/\/radiostudiow.com.br\/site\/?p=26141"},"modified":"2025-01-31T14:59:00","modified_gmt":"2025-01-31T17:59:00","slug":"pm-prende-homem-por-infracao-de-transito-e-furto-em-general-carneiro","status":"publish","type":"post","link":"https:\/\/radiostudiow.com.br\/site\/2024\/08\/20\/pm-prende-homem-por-infracao-de-transito-e-furto-em-general-carneiro\/","title":{"rendered":"PM prende homem por infra\u00e7\u00e3o de tr\u00e2nsito e furto em General Carneiro"},"content":{"rendered":"\n<p>A equipe da Rotam de General Carneiro realizava patrulhamento pela Avenida Get\u00falio Vargas, \u00e1rea central, momento que visualizou ve\u00edculo com sistema de ilumina\u00e7\u00e3o inoperante. A situa\u00e7\u00e3o foi registrada por volta das 21:17 horas desse s\u00e1bado (17).<\/p>\n\n\n\n<figure class=\"wp-block-image size-full\"><img loading=\"lazy\" decoding=\"async\" width=\"300\" height=\"180\" src=\"https:\/\/radiostudiow.com.br\/site\/wp-content\/uploads\/2024\/04\/SITE-PEQUENO-1.png\" alt=\"\" class=\"wp-image-21868\"\/><\/figure>\n\n\n\n<p>Os policiais realizaram a abordagem de fiscaliza\u00e7\u00e3o de tr\u00e2nsito foi poss\u00edvel visualizar no interior do ve\u00edculo, um televisor LG 43&#8242;, despertando suspei\u00e7\u00e3o na equipe, contudo em consulta inicial aos sistemas integrados n\u00e3o foi constatado tratar-se de produto obtido por meios il\u00edcitos. O ve\u00edculo recolhido mediante medidas administrativas.<\/p>\n\n\n\n<p>Em momento posterior, equipes policiais realizavam patrulhamento pelo bairro Suzano, quando foram abordadas por uma mulher que relatou que ao chegarem sua resid\u00eancia notou a porta principal arrombada.<\/p>\n\n\n\n<figure class=\"wp-block-image size-full\"><img loading=\"lazy\" decoding=\"async\" width=\"900\" height=\"408\" src=\"https:\/\/radiostudiow.com.br\/site\/wp-content\/uploads\/2024\/04\/image-21.png\" alt=\"\" class=\"wp-image-21214\" srcset=\"https:\/\/radiostudiow.com.br\/site\/wp-content\/uploads\/2024\/04\/image-21.png 900w, https:\/\/radiostudiow.com.br\/site\/wp-content\/uploads\/2024\/04\/image-21-300x136.png 300w, https:\/\/radiostudiow.com.br\/site\/wp-content\/uploads\/2024\/04\/image-21-768x348.png 768w\" sizes=\"auto, (max-width: 900px) 100vw, 900px\" \/><\/figure>\n\n\n\n<p>A mulher afirmou que sentiu falta de alguns objetos, dentre estes, um televisor de caracter\u00edsticas semelhantes ao descrito na abordagem inicial da equipe rotam. Deslocado at\u00e9 o PPM para averigua\u00e7\u00e3o, a v\u00edtima constatou tratar-se dos objetos furtados de sua resid\u00eancia.<\/p>\n\n\n\n<p>Os policiais entraram em contato com o plant\u00e3o da 4\u00aa SDP e os objetos recuperados foram devidamente devolvidos a v\u00edtima e a ocorr\u00eancia encaminhada a autoridade de pol\u00edcia judiciaria competente para provid\u00eancias pertinentes.<\/p>\n","protected":false},"excerpt":{"rendered":"<p>A equipe da Rotam de General Carneiro realizava patrulhamento pela Avenida Get\u00falio Vargas, \u00e1rea central, momento que visualizou ve\u00edculo com sistema de ilumina\u00e7\u00e3o inoperante. A situa\u00e7\u00e3o foi registrada por volta das 21:17 horas desse s\u00e1bado (17). Os policiais realizaram a abordagem de fiscaliza\u00e7\u00e3o de tr\u00e2nsito foi poss\u00edvel visualizar no interior do ve\u00edculo, um televisor LG [&hellip;]<\/p>\n","protected":false},"author":2,"featured_media":26142,"comment_status":"open","ping_status":"open","sticky":false,"template":"","format":"standard","meta":{"footnotes":""},"categories":[2],"tags":[172],"class_list":["post-26141","post","type-post","status-publish","format-standard","has-post-thumbnail","hentry","category-policial","tag-featured"],"amp_enabled":true,"_links":{"self":[{"href":"https:\/\/radiostudiow.com.br\/site\/wp-json\/wp\/v2\/posts\/26141","targetHints":{"allow":["GET"]}}],"collection":[{"href":"https:\/\/radiostudiow.com.br\/site\/wp-json\/wp\/v2\/posts"}],"about":[{"href":"https:\/\/radiostudiow.com.br\/site\/wp-json\/wp\/v2\/types\/post"}],"author":[{"embeddable":true,"href":"https:\/\/radiostudiow.com.br\/site\/wp-json\/wp\/v2\/users\/2"}],"replies":[{"embeddable":true,"href":"https:\/\/radiostudiow.com.br\/site\/wp-json\/wp\/v2\/comments?post=26141"}],"version-history":[{"count":1,"href":"https:\/\/radiostudiow.com.br\/site\/wp-json\/wp\/v2\/posts\/26141\/revisions"}],"predecessor-version":[{"id":26143,"href":"https:\/\/radiostudiow.com.br\/site\/wp-json\/wp\/v2\/posts\/26141\/revisions\/26143"}],"wp:featuredmedia":[{"embeddable":true,"href":"https:\/\/radiostudiow.com.br\/site\/wp-json\/wp\/v2\/media\/26142"}],"wp:attachment":[{"href":"https:\/\/radiostudiow.com.br\/site\/wp-json\/wp\/v2\/media?parent=26141"}],"wp:term":[{"taxonomy":"category","embeddable":true,"href":"https:\/\/radiostudiow.com.br\/site\/wp-json\/wp\/v2\/categories?post=26141"},{"taxonomy":"post_tag","embeddable":true,"href":"https:\/\/radiostudiow.com.br\/site\/wp-json\/wp\/v2\/tags?post=26141"}],"curies":[{"name":"wp","href":"https:\/\/api.w.org\/{rel}","templated":true}]}}