{"id":26147,"date":"2024-08-20T09:51:40","date_gmt":"2024-08-20T12:51:40","guid":{"rendered":"https:\/\/radiostudiow.com.br\/site\/?p=26147"},"modified":"2025-01-31T14:59:00","modified_gmt":"2025-01-31T17:59:00","slug":"rotam-aborda-carro-e-apreende-arma-de-fogo-em-uniao-da-vitoria","status":"publish","type":"post","link":"https:\/\/radiostudiow.com.br\/site\/2024\/08\/20\/rotam-aborda-carro-e-apreende-arma-de-fogo-em-uniao-da-vitoria\/","title":{"rendered":"ROTAM aborda carro e apreende arma de fogo em Uni\u00e3o da Vit\u00f3ria"},"content":{"rendered":"\n<p>A equipe da Pol\u00edcia Militar de Uni\u00e3o da Vit\u00f3ria por meio de uma equipe da ROTAM apreendeu mais uma arma de fogo por volta das 21 horas desse domingo (18).<\/p>\n\n\n\n<figure class=\"wp-block-image size-full\"><img decoding=\"async\" src=\"https:\/\/radiostudiow.com.br\/site\/wp-content\/uploads\/2024\/04\/image-42.png\" alt=\"\" class=\"wp-image-21334\"\/><\/figure>\n\n\n\n<p>De acordo com informa\u00e7\u00f5es divulgadas para a imprensa, a ROTAM estava realizando patrulhamento quando abordou um carro em atitude suspeita na regi\u00e3o do bairro Dona Mercedes.<\/p>\n\n\n\n<p>No carro, os policiais encontrou uma arma de fogo calibre .38 com numera\u00e7\u00e3o suprimida. O dono da arma foi identificado e recebeu voz de pris\u00e3o sendo encaminhado at\u00e9 a delegacia para provid\u00eancias.<\/p>\n","protected":false},"excerpt":{"rendered":"<p>A equipe da Pol\u00edcia Militar de Uni\u00e3o da Vit\u00f3ria por meio de uma equipe da ROTAM apreendeu mais uma arma de fogo por volta das 21 horas desse domingo (18). De acordo com informa\u00e7\u00f5es divulgadas para a imprensa, a ROTAM estava realizando patrulhamento quando abordou um carro em atitude suspeita na regi\u00e3o do bairro Dona [&hellip;]<\/p>\n","protected":false},"author":2,"featured_media":26149,"comment_status":"open","ping_status":"open","sticky":false,"template":"","format":"standard","meta":{"footnotes":""},"categories":[2],"tags":[172],"class_list":["post-26147","post","type-post","status-publish","format-standard","has-post-thumbnail","hentry","category-policial","tag-featured"],"amp_enabled":true,"_links":{"self":[{"href":"https:\/\/radiostudiow.com.br\/site\/wp-json\/wp\/v2\/posts\/26147","targetHints":{"allow":["GET"]}}],"collection":[{"href":"https:\/\/radiostudiow.com.br\/site\/wp-json\/wp\/v2\/posts"}],"about":[{"href":"https:\/\/radiostudiow.com.br\/site\/wp-json\/wp\/v2\/types\/post"}],"author":[{"embeddable":true,"href":"https:\/\/radiostudiow.com.br\/site\/wp-json\/wp\/v2\/users\/2"}],"replies":[{"embeddable":true,"href":"https:\/\/radiostudiow.com.br\/site\/wp-json\/wp\/v2\/comments?post=26147"}],"version-history":[{"count":1,"href":"https:\/\/radiostudiow.com.br\/site\/wp-json\/wp\/v2\/posts\/26147\/revisions"}],"predecessor-version":[{"id":26150,"href":"https:\/\/radiostudiow.com.br\/site\/wp-json\/wp\/v2\/posts\/26147\/revisions\/26150"}],"wp:featuredmedia":[{"embeddable":true,"href":"https:\/\/radiostudiow.com.br\/site\/wp-json\/wp\/v2\/media\/26149"}],"wp:attachment":[{"href":"https:\/\/radiostudiow.com.br\/site\/wp-json\/wp\/v2\/media?parent=26147"}],"wp:term":[{"taxonomy":"category","embeddable":true,"href":"https:\/\/radiostudiow.com.br\/site\/wp-json\/wp\/v2\/categories?post=26147"},{"taxonomy":"post_tag","embeddable":true,"href":"https:\/\/radiostudiow.com.br\/site\/wp-json\/wp\/v2\/tags?post=26147"}],"curies":[{"name":"wp","href":"https:\/\/api.w.org\/{rel}","templated":true}]}}