{"id":26151,"date":"2024-08-20T09:57:57","date_gmt":"2024-08-20T12:57:57","guid":{"rendered":"https:\/\/radiostudiow.com.br\/site\/?p=26151"},"modified":"2024-08-20T09:57:58","modified_gmt":"2024-08-20T12:57:58","slug":"homem-e-preso-por-embriaguez-ao-volante-em-sao-mateus-do-sul","status":"publish","type":"post","link":"https:\/\/radiostudiow.com.br\/site\/2024\/08\/20\/homem-e-preso-por-embriaguez-ao-volante-em-sao-mateus-do-sul\/","title":{"rendered":"Homem \u00e9 preso por embriaguez ao volante em S\u00e3o Mateus do Sul"},"content":{"rendered":"\n<p>A equipe da Pol\u00edcia Militar foi acionada na noite de segunda-feira, 19 de agosto, para dar atendimento de acidente no centro da cidade de S\u00e3o Mateus do Sul.<\/p>\n\n\n\n<p>Segundo os policiais, foram identificados os ve\u00edculos envolvidos sendo que dois deles encontravam-se estacionados.<\/p>\n\n\n\n<figure class=\"wp-block-image size-full\"><img loading=\"lazy\" decoding=\"async\" width=\"598\" height=\"204\" src=\"https:\/\/radiostudiow.com.br\/site\/wp-content\/uploads\/2024\/04\/image-39.png\" alt=\"\" class=\"wp-image-21311\" srcset=\"https:\/\/radiostudiow.com.br\/site\/wp-content\/uploads\/2024\/04\/image-39.png 598w, https:\/\/radiostudiow.com.br\/site\/wp-content\/uploads\/2024\/04\/image-39-300x102.png 300w\" sizes=\"auto, (max-width: 598px) 100vw, 598px\" \/><\/figure>\n\n\n\n<p>Ap\u00f3s constatar quais eram os condutores e respons\u00e1veis foi poss\u00edvel verificar que o condutor de um autom\u00f3vel apresentava sinais vis\u00edveis de embriaguez, sendo lhe oferecido o teste do baf\u00f4metro o qual ap\u00f3s a realiza\u00e7\u00e3o resultou em 1,16 mg\/l , confirmando assim o crime de conduzir ve\u00edculo automotor com capacidade psicomotora alterada em raz\u00e3o da influ\u00eancia de \u00e1lcool ou de outra subst\u00e2ncia psicoativa que determine depend\u00eancia.<\/p>\n\n\n\n<p>Diante do exposto, foram lavrados as notifica\u00e7\u00f5es referente a situa\u00e7\u00e3o, sendo o ve\u00edculo recolhido ao p\u00e1tio da 3\u00aa Companhia da Pol\u00edcia Militar. O autor foi conduzido at\u00e9 a unidade a delegacia de S\u00e3o Mateus do Sul.<\/p>\n","protected":false},"excerpt":{"rendered":"<p>A equipe da Pol\u00edcia Militar foi acionada na noite de segunda-feira, 19 de agosto, para dar atendimento de acidente no centro da cidade de S\u00e3o Mateus do Sul. Segundo os policiais, foram identificados os ve\u00edculos envolvidos sendo que dois deles encontravam-se estacionados. Ap\u00f3s constatar quais eram os condutores e respons\u00e1veis foi poss\u00edvel verificar que o [&hellip;]<\/p>\n","protected":false},"author":2,"featured_media":26152,"comment_status":"open","ping_status":"open","sticky":false,"template":"","format":"standard","meta":{"footnotes":""},"categories":[7],"tags":[],"class_list":["post-26151","post","type-post","status-publish","format-standard","has-post-thumbnail","hentry","category-geral"],"amp_enabled":true,"_links":{"self":[{"href":"https:\/\/radiostudiow.com.br\/site\/wp-json\/wp\/v2\/posts\/26151","targetHints":{"allow":["GET"]}}],"collection":[{"href":"https:\/\/radiostudiow.com.br\/site\/wp-json\/wp\/v2\/posts"}],"about":[{"href":"https:\/\/radiostudiow.com.br\/site\/wp-json\/wp\/v2\/types\/post"}],"author":[{"embeddable":true,"href":"https:\/\/radiostudiow.com.br\/site\/wp-json\/wp\/v2\/users\/2"}],"replies":[{"embeddable":true,"href":"https:\/\/radiostudiow.com.br\/site\/wp-json\/wp\/v2\/comments?post=26151"}],"version-history":[{"count":1,"href":"https:\/\/radiostudiow.com.br\/site\/wp-json\/wp\/v2\/posts\/26151\/revisions"}],"predecessor-version":[{"id":26153,"href":"https:\/\/radiostudiow.com.br\/site\/wp-json\/wp\/v2\/posts\/26151\/revisions\/26153"}],"wp:featuredmedia":[{"embeddable":true,"href":"https:\/\/radiostudiow.com.br\/site\/wp-json\/wp\/v2\/media\/26152"}],"wp:attachment":[{"href":"https:\/\/radiostudiow.com.br\/site\/wp-json\/wp\/v2\/media?parent=26151"}],"wp:term":[{"taxonomy":"category","embeddable":true,"href":"https:\/\/radiostudiow.com.br\/site\/wp-json\/wp\/v2\/categories?post=26151"},{"taxonomy":"post_tag","embeddable":true,"href":"https:\/\/radiostudiow.com.br\/site\/wp-json\/wp\/v2\/tags?post=26151"}],"curies":[{"name":"wp","href":"https:\/\/api.w.org\/{rel}","templated":true}]}}