{"id":26154,"date":"2024-08-20T10:04:12","date_gmt":"2024-08-20T13:04:12","guid":{"rendered":"https:\/\/radiostudiow.com.br\/site\/?p=26154"},"modified":"2025-01-31T14:59:00","modified_gmt":"2025-01-31T17:59:00","slug":"2o-sargento-joaquim-pacholok-responsavel-pelos-brigadistas-comunitarios-de-mallet-fala-sobre-o-incendio-ocorrido-em-residencia-na-vila-caroline-neste-domingo-18","status":"publish","type":"post","link":"https:\/\/radiostudiow.com.br\/site\/2024\/08\/20\/2o-sargento-joaquim-pacholok-responsavel-pelos-brigadistas-comunitarios-de-mallet-fala-sobre-o-incendio-ocorrido-em-residencia-na-vila-caroline-neste-domingo-18\/","title":{"rendered":"2\u00ba Sargento Joaquim Pacholok, respons\u00e1vel pelos Brigadistas Comunit\u00e1rios de Mallet, fala sobre o inc\u00eandio ocorrido em resid\u00eancia na Vila Caroline neste domingo (18)"},"content":{"rendered":"\n<figure class=\"wp-block-image size-full\"><img loading=\"lazy\" decoding=\"async\" width=\"897\" height=\"204\" src=\"https:\/\/radiostudiow.com.br\/site\/wp-content\/uploads\/2024\/08\/TIJOLAO.png\" alt=\"\" class=\"wp-image-25951\" srcset=\"https:\/\/radiostudiow.com.br\/site\/wp-content\/uploads\/2024\/08\/TIJOLAO.png 897w, https:\/\/radiostudiow.com.br\/site\/wp-content\/uploads\/2024\/08\/TIJOLAO-300x68.png 300w, https:\/\/radiostudiow.com.br\/site\/wp-content\/uploads\/2024\/08\/TIJOLAO-768x175.png 768w\" sizes=\"auto, (max-width: 897px) 100vw, 897px\" \/><\/figure>\n\n\n\n<figure class=\"wp-block-video\"><video height=\"480\" style=\"aspect-ratio: 852 \/ 480;\" width=\"852\" controls src=\"https:\/\/radiostudiow.com.br\/site\/wp-content\/uploads\/2024\/08\/TV-Compressed-with-FlexClip.mp4\"><\/video><\/figure>\n","protected":false},"excerpt":{"rendered":"","protected":false},"author":2,"featured_media":26155,"comment_status":"open","ping_status":"open","sticky":false,"template":"","format":"standard","meta":{"footnotes":""},"categories":[184],"tags":[172],"class_list":["post-26154","post","type-post","status-publish","format-standard","has-post-thumbnail","hentry","category-local","tag-featured"],"amp_enabled":true,"_links":{"self":[{"href":"https:\/\/radiostudiow.com.br\/site\/wp-json\/wp\/v2\/posts\/26154","targetHints":{"allow":["GET"]}}],"collection":[{"href":"https:\/\/radiostudiow.com.br\/site\/wp-json\/wp\/v2\/posts"}],"about":[{"href":"https:\/\/radiostudiow.com.br\/site\/wp-json\/wp\/v2\/types\/post"}],"author":[{"embeddable":true,"href":"https:\/\/radiostudiow.com.br\/site\/wp-json\/wp\/v2\/users\/2"}],"replies":[{"embeddable":true,"href":"https:\/\/radiostudiow.com.br\/site\/wp-json\/wp\/v2\/comments?post=26154"}],"version-history":[{"count":2,"href":"https:\/\/radiostudiow.com.br\/site\/wp-json\/wp\/v2\/posts\/26154\/revisions"}],"predecessor-version":[{"id":26158,"href":"https:\/\/radiostudiow.com.br\/site\/wp-json\/wp\/v2\/posts\/26154\/revisions\/26158"}],"wp:featuredmedia":[{"embeddable":true,"href":"https:\/\/radiostudiow.com.br\/site\/wp-json\/wp\/v2\/media\/26155"}],"wp:attachment":[{"href":"https:\/\/radiostudiow.com.br\/site\/wp-json\/wp\/v2\/media?parent=26154"}],"wp:term":[{"taxonomy":"category","embeddable":true,"href":"https:\/\/radiostudiow.com.br\/site\/wp-json\/wp\/v2\/categories?post=26154"},{"taxonomy":"post_tag","embeddable":true,"href":"https:\/\/radiostudiow.com.br\/site\/wp-json\/wp\/v2\/tags?post=26154"}],"curies":[{"name":"wp","href":"https:\/\/api.w.org\/{rel}","templated":true}]}}