{"id":26171,"date":"2024-08-20T16:35:50","date_gmt":"2024-08-20T19:35:50","guid":{"rendered":"https:\/\/radiostudiow.com.br\/site\/?p=26171"},"modified":"2025-01-31T14:59:00","modified_gmt":"2025-01-31T17:59:00","slug":"novo-periodo-sazonal-da-dengue-2024-2025-inicia-com-487-casos-e-nenhum-obito","status":"publish","type":"post","link":"https:\/\/radiostudiow.com.br\/site\/2024\/08\/20\/novo-periodo-sazonal-da-dengue-2024-2025-inicia-com-487-casos-e-nenhum-obito\/","title":{"rendered":"Novo per\u00edodo sazonal da dengue 2024\/2025 inicia com 487 casos e nenhum \u00f3bito"},"content":{"rendered":"\n<p>A Secretaria de Estado da Sa\u00fade (Sesa) divulgou nesta ter\u00e7a-feira (20) o primeiro boletim epidemiol\u00f3gico da dengue que compreende o novo per\u00edodo sazonal da doen\u00e7a. De acordo com o informe da Coordenadoria Estadual de Vigil\u00e2ncia Ambiental, foram registrados 487 novos casos de dengue e nenhum \u00f3bito. O Paran\u00e1 contabiliza ainda 3.739 notifica\u00e7\u00f5es, sendo que 2.403 casos est\u00e3o em investiga\u00e7\u00e3o.<\/p>\n\n\n\n<figure class=\"wp-block-image size-full is-resized\"><img decoding=\"async\" src=\"https:\/\/radiostudiow.com.br\/site\/wp-content\/uploads\/2024\/04\/image-45.png\" alt=\"\" class=\"wp-image-21394\" style=\"width:609px;height:auto\"\/><\/figure>\n\n\n\n<p>O novo per\u00edodo vai do dia 28 de julho de 2024 at\u00e9 julho de 2025. A data exata do t\u00e9rmino do per\u00edodo depender\u00e1 da publica\u00e7\u00e3o do calend\u00e1rio epidemiol\u00f3gico do ano que vem.<\/p>\n\n\n\n<p>Ao todo, 228 munic\u00edpios j\u00e1 registraram notifica\u00e7\u00f5es da doen\u00e7a que \u00e9 transmitida pelo mosquito Aedes aegypti, e 92 possuem casos confirmados.<\/p>\n\n\n\n<p>O Paran\u00e1 encerrou o per\u00edodo epidemiol\u00f3gico 23\/24 da dengue com&nbsp;595.732 casos confirmados e 610 mortes em decorr\u00eancia da dengue.&nbsp;Londrina (40.552), Cascavel (32.338), Maring\u00e1 (23.232), Apucarana (18.619) e Ponta Grossa (17.440) foram os munic\u00edpios com mais casos confirmados no per\u00edodo epidemiol\u00f3gico anterior.<\/p>\n\n\n\n<figure class=\"wp-block-image size-large is-resized\"><img decoding=\"async\" src=\"https:\/\/radiostudiow.com.br\/site\/wp-content\/uploads\/2024\/05\/LABIRATI-1024x1024.png\" alt=\"\" class=\"wp-image-22265\" style=\"width:412px;height:auto\"\/><\/figure>\n\n\n\n<p><strong>OUTRAS ARBOVIROSES&nbsp;\u2013&nbsp;<\/strong>Chikungunya e Zika tamb\u00e9m s\u00e3o transmitidas pelo mosquito Aedes aegypti e as informa\u00e7\u00f5es sobre essas doen\u00e7as constam no mesmo documento. Neste per\u00edodo houve o registro de 10 novos casos de Chikungunya e 32 notifica\u00e7\u00f5es da doen\u00e7a no Estado. N\u00e3o h\u00e1 casos notificados e nem confirmados de Zika v\u00edrus.<\/p>\n\n\n\n<p>A Sesa refor\u00e7a a import\u00e2ncia da remo\u00e7\u00e3o de criadouros para a elimina\u00e7\u00e3o de qualquer local ou recipiente que possa acumular \u00e1gua.<\/p>\n\n\n\n<p>Confira o Boletim Semanal completo&nbsp;<a href=\"https:\/\/www.dengue.pr.gov.br\/Pagina\/Boletins-da-Dengue\" target=\"_blank\" rel=\"noreferrer noopener\"><strong>AQUI<\/strong><\/a>.<\/p>\n","protected":false},"excerpt":{"rendered":"<p>A Secretaria de Estado da Sa\u00fade (Sesa) divulgou nesta ter\u00e7a-feira (20) o primeiro boletim epidemiol\u00f3gico da dengue que compreende o novo per\u00edodo sazonal da doen\u00e7a. De acordo com o informe da Coordenadoria Estadual de Vigil\u00e2ncia Ambiental, foram registrados 487 novos casos de dengue e nenhum \u00f3bito. O Paran\u00e1 contabiliza ainda 3.739 notifica\u00e7\u00f5es, sendo que 2.403 [&hellip;]<\/p>\n","protected":false},"author":2,"featured_media":23432,"comment_status":"open","ping_status":"open","sticky":false,"template":"","format":"standard","meta":{"footnotes":""},"categories":[182],"tags":[172],"class_list":["post-26171","post","type-post","status-publish","format-standard","has-post-thumbnail","hentry","category-saude","tag-featured"],"amp_enabled":true,"_links":{"self":[{"href":"https:\/\/radiostudiow.com.br\/site\/wp-json\/wp\/v2\/posts\/26171","targetHints":{"allow":["GET"]}}],"collection":[{"href":"https:\/\/radiostudiow.com.br\/site\/wp-json\/wp\/v2\/posts"}],"about":[{"href":"https:\/\/radiostudiow.com.br\/site\/wp-json\/wp\/v2\/types\/post"}],"author":[{"embeddable":true,"href":"https:\/\/radiostudiow.com.br\/site\/wp-json\/wp\/v2\/users\/2"}],"replies":[{"embeddable":true,"href":"https:\/\/radiostudiow.com.br\/site\/wp-json\/wp\/v2\/comments?post=26171"}],"version-history":[{"count":1,"href":"https:\/\/radiostudiow.com.br\/site\/wp-json\/wp\/v2\/posts\/26171\/revisions"}],"predecessor-version":[{"id":26172,"href":"https:\/\/radiostudiow.com.br\/site\/wp-json\/wp\/v2\/posts\/26171\/revisions\/26172"}],"wp:featuredmedia":[{"embeddable":true,"href":"https:\/\/radiostudiow.com.br\/site\/wp-json\/wp\/v2\/media\/23432"}],"wp:attachment":[{"href":"https:\/\/radiostudiow.com.br\/site\/wp-json\/wp\/v2\/media?parent=26171"}],"wp:term":[{"taxonomy":"category","embeddable":true,"href":"https:\/\/radiostudiow.com.br\/site\/wp-json\/wp\/v2\/categories?post=26171"},{"taxonomy":"post_tag","embeddable":true,"href":"https:\/\/radiostudiow.com.br\/site\/wp-json\/wp\/v2\/tags?post=26171"}],"curies":[{"name":"wp","href":"https:\/\/api.w.org\/{rel}","templated":true}]}}