{"id":26174,"date":"2024-08-20T17:21:47","date_gmt":"2024-08-20T20:21:47","guid":{"rendered":"https:\/\/radiostudiow.com.br\/site\/?p=26174"},"modified":"2025-01-31T14:59:00","modified_gmt":"2025-01-31T17:59:00","slug":"pm-prende-receptador-de-motocicleta-furtada-em-rio-azul","status":"publish","type":"post","link":"https:\/\/radiostudiow.com.br\/site\/2024\/08\/20\/pm-prende-receptador-de-motocicleta-furtada-em-rio-azul\/","title":{"rendered":"PM prende receptador de motocicleta furtada em Rio Azul"},"content":{"rendered":"\n<p>Um homem foi preso nessa segunda-feira, 19 de agosto, por recepta\u00e7\u00e3o de uma motocicleta Honda CG 125 Fan KS que havia sido furtada em Rio Azul.<\/p>\n\n\n\n<p>A propriet\u00e1ria havia procurado o Destacamento da Pol\u00edcia Militar de Rio Azul para comunicar o furto na madrugada de s\u00e1bado (17).<\/p>\n\n\n\n<figure class=\"wp-block-image size-full\"><img loading=\"lazy\" decoding=\"async\" width=\"897\" height=\"204\" src=\"https:\/\/radiostudiow.com.br\/site\/wp-content\/uploads\/2024\/04\/image-38.png\" alt=\"\" class=\"wp-image-21308\" srcset=\"https:\/\/radiostudiow.com.br\/site\/wp-content\/uploads\/2024\/04\/image-38.png 897w, https:\/\/radiostudiow.com.br\/site\/wp-content\/uploads\/2024\/04\/image-38-300x68.png 300w, https:\/\/radiostudiow.com.br\/site\/wp-content\/uploads\/2024\/04\/image-38-768x175.png 768w\" sizes=\"auto, (max-width: 897px) 100vw, 897px\" \/><\/figure>\n\n\n\n<p>Segundo a PM, moradores disseram aos policiais que avistaram a moto numa garagem coberta com um pano e um homem estava no local usando ferramentas para desmontar o ve\u00edculo.<\/p>\n\n\n\n<p>O homem que estava com ela \u00e9 conhecido no meio policial, ele  alegou que era o dono da moto. Por\u00e9m, em consulta ao sistema da Secretaria de Estado da Seguran\u00e7a P\u00fablica (SESP), a PM verificou que a moto havia sido furtada.<\/p>\n\n\n\n<p>Diante da situa\u00e7\u00e3o, o autor foi detido e encaminhado para a Delegacia de Irati. J\u00e1 a moto foi deixada no Destacamento da PM para que fosse devolvida a propriet\u00e1ria.<\/p>\n","protected":false},"excerpt":{"rendered":"<p>Um homem foi preso nessa segunda-feira, 19 de agosto, por recepta\u00e7\u00e3o de uma motocicleta Honda CG 125 Fan KS que havia sido furtada em Rio Azul. A propriet\u00e1ria havia procurado o Destacamento da Pol\u00edcia Militar de Rio Azul para comunicar o furto na madrugada de s\u00e1bado (17). Segundo a PM, moradores disseram aos policiais que [&hellip;]<\/p>\n","protected":false},"author":2,"featured_media":26188,"comment_status":"open","ping_status":"open","sticky":false,"template":"","format":"standard","meta":{"footnotes":""},"categories":[2],"tags":[172],"class_list":["post-26174","post","type-post","status-publish","format-standard","has-post-thumbnail","hentry","category-policial","tag-featured"],"amp_enabled":true,"_links":{"self":[{"href":"https:\/\/radiostudiow.com.br\/site\/wp-json\/wp\/v2\/posts\/26174","targetHints":{"allow":["GET"]}}],"collection":[{"href":"https:\/\/radiostudiow.com.br\/site\/wp-json\/wp\/v2\/posts"}],"about":[{"href":"https:\/\/radiostudiow.com.br\/site\/wp-json\/wp\/v2\/types\/post"}],"author":[{"embeddable":true,"href":"https:\/\/radiostudiow.com.br\/site\/wp-json\/wp\/v2\/users\/2"}],"replies":[{"embeddable":true,"href":"https:\/\/radiostudiow.com.br\/site\/wp-json\/wp\/v2\/comments?post=26174"}],"version-history":[{"count":2,"href":"https:\/\/radiostudiow.com.br\/site\/wp-json\/wp\/v2\/posts\/26174\/revisions"}],"predecessor-version":[{"id":26189,"href":"https:\/\/radiostudiow.com.br\/site\/wp-json\/wp\/v2\/posts\/26174\/revisions\/26189"}],"wp:featuredmedia":[{"embeddable":true,"href":"https:\/\/radiostudiow.com.br\/site\/wp-json\/wp\/v2\/media\/26188"}],"wp:attachment":[{"href":"https:\/\/radiostudiow.com.br\/site\/wp-json\/wp\/v2\/media?parent=26174"}],"wp:term":[{"taxonomy":"category","embeddable":true,"href":"https:\/\/radiostudiow.com.br\/site\/wp-json\/wp\/v2\/categories?post=26174"},{"taxonomy":"post_tag","embeddable":true,"href":"https:\/\/radiostudiow.com.br\/site\/wp-json\/wp\/v2\/tags?post=26174"}],"curies":[{"name":"wp","href":"https:\/\/api.w.org\/{rel}","templated":true}]}}