{"id":26176,"date":"2024-08-21T09:25:33","date_gmt":"2024-08-21T12:25:33","guid":{"rendered":"https:\/\/radiostudiow.com.br\/site\/?p=26176"},"modified":"2025-01-31T14:59:00","modified_gmt":"2025-01-31T17:59:00","slug":"acidente-deixa-motociclista-ferida-em-uniao-da-vitoria","status":"publish","type":"post","link":"https:\/\/radiostudiow.com.br\/site\/2024\/08\/21\/acidente-deixa-motociclista-ferida-em-uniao-da-vitoria\/","title":{"rendered":"Acidente deixa motociclista ferida em Uni\u00e3o da Vit\u00f3ria"},"content":{"rendered":"\n<p>O Corpo de Bombeiros de Uni\u00e3o da Vit\u00f3ria foi acionado para atender a um acidente de tr\u00e2nsito na rua Venceslau Vaz, no bairro Dona Mercedes no in\u00edcio da tarde desta ter\u00e7a-feira (20).<\/p>\n\n\n\n<p>O incidente envolveu um VW\/Voyage e uma moto Honda\/CG Titan ambos com placas do Mercosul.<\/p>\n\n\n\n<figure class=\"wp-block-image size-large\"><img decoding=\"async\" src=\"https:\/\/radiostudiow.com.br\/site\/wp-content\/uploads\/2024\/04\/PP-thumb-banner-miniatura1920x1080-1024x576.jpg\" alt=\"\" class=\"wp-image-22019\"\/><\/figure>\n\n\n\n<p>A condutora da moto, uma jovem de 20 anos, sofreu suspeita de fratura nas pernas e foi encaminhada ao Hospital S\u00e3o Camilo para atendimento.<\/p>\n\n\n\n<p>A Pol\u00edcia Militar esteve no local para prestar apoio, mas a responsabilidade pela elabora\u00e7\u00e3o do boletim de ocorr\u00eancia \u00e9 da Pol\u00edcia Rodovi\u00e1ria Estadual, que responde pelo trecho onde ocorreu o acidente.<\/p>\n","protected":false},"excerpt":{"rendered":"<p>O Corpo de Bombeiros de Uni\u00e3o da Vit\u00f3ria foi acionado para atender a um acidente de tr\u00e2nsito na rua Venceslau Vaz, no bairro Dona Mercedes no in\u00edcio da tarde desta ter\u00e7a-feira (20). O incidente envolveu um VW\/Voyage e uma moto Honda\/CG Titan ambos com placas do Mercosul. A condutora da moto, uma jovem de 20 [&hellip;]<\/p>\n","protected":false},"author":2,"featured_media":22624,"comment_status":"open","ping_status":"open","sticky":false,"template":"","format":"standard","meta":{"footnotes":""},"categories":[185],"tags":[172],"class_list":["post-26176","post","type-post","status-publish","format-standard","has-post-thumbnail","hentry","category-regional","tag-featured"],"amp_enabled":true,"_links":{"self":[{"href":"https:\/\/radiostudiow.com.br\/site\/wp-json\/wp\/v2\/posts\/26176","targetHints":{"allow":["GET"]}}],"collection":[{"href":"https:\/\/radiostudiow.com.br\/site\/wp-json\/wp\/v2\/posts"}],"about":[{"href":"https:\/\/radiostudiow.com.br\/site\/wp-json\/wp\/v2\/types\/post"}],"author":[{"embeddable":true,"href":"https:\/\/radiostudiow.com.br\/site\/wp-json\/wp\/v2\/users\/2"}],"replies":[{"embeddable":true,"href":"https:\/\/radiostudiow.com.br\/site\/wp-json\/wp\/v2\/comments?post=26176"}],"version-history":[{"count":4,"href":"https:\/\/radiostudiow.com.br\/site\/wp-json\/wp\/v2\/posts\/26176\/revisions"}],"predecessor-version":[{"id":26202,"href":"https:\/\/radiostudiow.com.br\/site\/wp-json\/wp\/v2\/posts\/26176\/revisions\/26202"}],"wp:featuredmedia":[{"embeddable":true,"href":"https:\/\/radiostudiow.com.br\/site\/wp-json\/wp\/v2\/media\/22624"}],"wp:attachment":[{"href":"https:\/\/radiostudiow.com.br\/site\/wp-json\/wp\/v2\/media?parent=26176"}],"wp:term":[{"taxonomy":"category","embeddable":true,"href":"https:\/\/radiostudiow.com.br\/site\/wp-json\/wp\/v2\/categories?post=26176"},{"taxonomy":"post_tag","embeddable":true,"href":"https:\/\/radiostudiow.com.br\/site\/wp-json\/wp\/v2\/tags?post=26176"}],"curies":[{"name":"wp","href":"https:\/\/api.w.org\/{rel}","templated":true}]}}