{"id":26203,"date":"2024-08-21T09:31:51","date_gmt":"2024-08-21T12:31:51","guid":{"rendered":"https:\/\/radiostudiow.com.br\/site\/?p=26203"},"modified":"2025-01-31T14:59:00","modified_gmt":"2025-01-31T17:59:00","slug":"comeca-nesta-semana-a-2a-edicao-da-prova-parana-para-os-alunos-da-rede-estadual","status":"publish","type":"post","link":"https:\/\/radiostudiow.com.br\/site\/2024\/08\/21\/comeca-nesta-semana-a-2a-edicao-da-prova-parana-para-os-alunos-da-rede-estadual\/","title":{"rendered":"Come\u00e7a hoje a 2\u00aa edi\u00e7\u00e3o da Prova Paran\u00e1 para os alunos da rede estadual"},"content":{"rendered":"\n<p>A Secretaria de Estado da Educa\u00e7\u00e3o do Paran\u00e1 aplica, a partir desta semana, a Prova Paran\u00e1 (vers\u00e3o impressa) e a Prova Paran\u00e1 Digital. As avalia\u00e7\u00f5es, de iniciativa da Secretaria de Estado da Educa\u00e7\u00e3o (Seed-PR), t\u00eam o objetivo de analisar o desempenho dos estudantes da rede estadual em diferentes etapas da educa\u00e7\u00e3o e, a partir dos resultados, monitorar e melhorar a qualidade da educa\u00e7\u00e3o no Estado.<\/p>\n\n\n\n<p>Os dados s\u00e3o utilizados para a implementa\u00e7\u00e3o das estrat\u00e9gias pedag\u00f3gicas necess\u00e1rias para o fortalecimento do aprendizado. <strong>Entre esta quarta, 21 e quinta-feira, 22, ser\u00e1 aplicada a segunda edi\u00e7\u00e3o de 2024 da Prova Paran\u00e1 \u2013 vers\u00e3o impressa.<\/strong><\/p>\n\n\n\n<figure class=\"wp-block-image size-large\"><img loading=\"lazy\" decoding=\"async\" width=\"1024\" height=\"390\" src=\"https:\/\/radiostudiow.com.br\/site\/wp-content\/uploads\/2024\/06\/449383450_900410565459867_7398886830294326458_n-1024x390.png\" alt=\"\" class=\"wp-image-24042\" srcset=\"https:\/\/radiostudiow.com.br\/site\/wp-content\/uploads\/2024\/06\/449383450_900410565459867_7398886830294326458_n-1024x390.png 1024w, https:\/\/radiostudiow.com.br\/site\/wp-content\/uploads\/2024\/06\/449383450_900410565459867_7398886830294326458_n-300x114.png 300w, https:\/\/radiostudiow.com.br\/site\/wp-content\/uploads\/2024\/06\/449383450_900410565459867_7398886830294326458_n-768x292.png 768w, https:\/\/radiostudiow.com.br\/site\/wp-content\/uploads\/2024\/06\/449383450_900410565459867_7398886830294326458_n-1536x584.png 1536w, https:\/\/radiostudiow.com.br\/site\/wp-content\/uploads\/2024\/06\/449383450_900410565459867_7398886830294326458_n-2048x779.png 2048w\" sizes=\"auto, (max-width: 1024px) 100vw, 1024px\" \/><\/figure>\n\n\n\n<p>O teste \u00e9 realizado por todos os estudantes da rede estadual de ensino e abrange todas as disciplinas, com o objetivo de fornecer um diagn\u00f3stico sobre o n\u00edvel de aprendizado dos alunos de cada s\u00e9rie em rela\u00e7\u00e3o aos conte\u00fados abordados em sala de aula neste \u00faltimo trimestre.<\/p>\n\n\n\n<p>A avalia\u00e7\u00e3o \u00e9 aplicada na escola onde o aluno est\u00e1 matriculado e tem dura\u00e7\u00e3o de 2h30, durante o hor\u00e1rio de aula. A primeira Prova Paran\u00e1 impressa j\u00e1 foi feita neste ano, no m\u00eas de abril. A terceira e \u00faltima avalia\u00e7\u00e3o de 2024 acontece em novembro.<\/p>\n\n\n\n<p>Tamb\u00e9m come\u00e7ou, nesta ter\u00e7a-feira (20), a Prova Paran\u00e1 Digital. A coordenadora de Avalia\u00e7\u00e3o da Secretaria de Estado da Educa\u00e7\u00e3o do Paran\u00e1, Jussielli de Oliveira, explica que ela \u00e9 aplicada a partir de um cronograma, realizado de acordo com a quantidade de estudantes por n\u00facleo. <strong>\u201c<em>\u00c9 uma avalia\u00e7\u00e3o tamb\u00e9m trimestral e diagn\u00f3stica, direcionada a estudantes do oitavo e nono anos, nos componentes curriculares de l\u00edngua portuguesa, matem\u00e1tica e ci\u00eancias da natureza\u201d,<\/em><\/strong><em> diz. A vers\u00e3o digital da avalia\u00e7\u00e3o ser\u00e1 aplicada at\u00e9 o dia 30 de agosto.<\/em><\/p>\n\n\n\n<p><strong>PROVA PARAN\u00c1 MAIS<\/strong>&nbsp;\u2013 A Prova Paran\u00e1 regular e digital s\u00e3o avalia\u00e7\u00f5es distintas da Prova Paran\u00e1 Mais, que acontece entre outubro e novembro. A Prova Paran\u00e1 (nas vers\u00f5es regular e digital), \u00e9 aplicada para todos os alunos da rede a cada trimestre.<\/p>\n\n\n\n<p>J\u00e1 a Prova Paran\u00e1 Mais \u00e9 direcionada aos estudantes que est\u00e3o no fim de cada etapa de ensino \u2013 aqueles de 2\u00ba ano do Ensino Fundamental (etapa final da alfabetiza\u00e7\u00e3o); alunos do 5\u00ba ano do fundamental (\u00faltimo dos anos iniciais); do 9\u00ba ano do fundamental (\u00faltimo dos anos finais); e da 3\u00aa s\u00e9rie do ensino m\u00e9dio (ou 4\u00aa s\u00e9rie para estudantes da Educa\u00e7\u00e3o Profissional). As notas da Prova Paran\u00e1 Mais, tamb\u00e9m poder\u00e3o contribuir para o acesso dos estudantes aos cursos das universidades estaduais do Paran\u00e1.<\/p>\n\n\n\n<p><strong><em>\u201cA Prova Paran\u00e1 Mais e a Prova Paran\u00e1 t\u00eam muitas diferen\u00e7as. A Prova Paran\u00e1 \u00e9 uma avalia\u00e7\u00e3o diagn\u00f3stica do trimestre, ela avalia apenas os conte\u00fados daquele trimestre espec\u00edfico e a secretaria entrega para cada professor, para cada escola, esse resultado. \u00c9 algo muito imediato\u201d,<\/em><\/strong> destaca o secret\u00e1rio estadual da Educa\u00e7\u00e3o, Roni Miranda. <strong><em>\u201cJ\u00e1 a Prova Paran\u00e1 Mais \u00e9 uma avalia\u00e7\u00e3o de desempenho, para ver os n\u00edveis de aprendizagem dos estudantes\u201d.<\/em><\/strong><\/p>\n\n\n\n<figure class=\"wp-block-image size-full\"><img decoding=\"async\" src=\"https:\/\/radiostudiow.com.br\/site\/wp-content\/uploads\/2024\/04\/image-45.png\" alt=\"\" class=\"wp-image-21394\"\/><\/figure>\n\n\n\n<p><strong>PROVA PARAN\u00c1<\/strong>&nbsp;\u2013 Os dois dias de prova s\u00e3o divididos de acordo com as \u00e1reas de conhecimento. Em um deles, os alunos responder\u00e3o perguntas de L\u00edngua Portuguesa e Matem\u00e1tica. No outro, o conte\u00fado ser\u00e1 referente \u00e0s \u00e1reas de L\u00edngua Inglesa, Ci\u00eancias Humanas e Ci\u00eancias da Natureza.<\/p>\n\n\n\n<p>A divis\u00e3o \u00e9 a mesma para todos os estudantes da modalidade regular, desde o ensino fundamental II (6\u00ba a 9\u00ba ano) at\u00e9 o ensino m\u00e9dio (1\u00aa a 3\u00aa s\u00e9rie), com a inclus\u00e3o dos componentes de Educa\u00e7\u00e3o Financeira, Pensamento Computacional e, para as 3\u00aa s\u00e9ries, as quest\u00f5es dos Itiner\u00e1rios Formativos do Novo Ensino M\u00e9dio (NEM).<\/p>\n\n\n\n<p>J\u00e1 para alunos da EJA (Educa\u00e7\u00e3o de Jovens e Adultos), a divis\u00e3o dos conte\u00fados varia de acordo com o semestre cursado. As escolas fornecer\u00e3o ainda, provas adaptadas \u00e0s necessidades dos estudantes da Educa\u00e7\u00e3o Especial.<\/p>\n","protected":false},"excerpt":{"rendered":"<p>A Secretaria de Estado da Educa\u00e7\u00e3o do Paran\u00e1 aplica, a partir desta semana, a Prova Paran\u00e1 (vers\u00e3o impressa) e a Prova Paran\u00e1 Digital. As avalia\u00e7\u00f5es, de iniciativa da Secretaria de Estado da Educa\u00e7\u00e3o (Seed-PR), t\u00eam o objetivo de analisar o desempenho dos estudantes da rede estadual em diferentes etapas da educa\u00e7\u00e3o e, a partir dos [&hellip;]<\/p>\n","protected":false},"author":2,"featured_media":26206,"comment_status":"open","ping_status":"open","sticky":false,"template":"","format":"standard","meta":{"footnotes":""},"categories":[7],"tags":[172],"class_list":["post-26203","post","type-post","status-publish","format-standard","has-post-thumbnail","hentry","category-geral","tag-featured"],"amp_enabled":true,"_links":{"self":[{"href":"https:\/\/radiostudiow.com.br\/site\/wp-json\/wp\/v2\/posts\/26203","targetHints":{"allow":["GET"]}}],"collection":[{"href":"https:\/\/radiostudiow.com.br\/site\/wp-json\/wp\/v2\/posts"}],"about":[{"href":"https:\/\/radiostudiow.com.br\/site\/wp-json\/wp\/v2\/types\/post"}],"author":[{"embeddable":true,"href":"https:\/\/radiostudiow.com.br\/site\/wp-json\/wp\/v2\/users\/2"}],"replies":[{"embeddable":true,"href":"https:\/\/radiostudiow.com.br\/site\/wp-json\/wp\/v2\/comments?post=26203"}],"version-history":[{"count":2,"href":"https:\/\/radiostudiow.com.br\/site\/wp-json\/wp\/v2\/posts\/26203\/revisions"}],"predecessor-version":[{"id":26209,"href":"https:\/\/radiostudiow.com.br\/site\/wp-json\/wp\/v2\/posts\/26203\/revisions\/26209"}],"wp:featuredmedia":[{"embeddable":true,"href":"https:\/\/radiostudiow.com.br\/site\/wp-json\/wp\/v2\/media\/26206"}],"wp:attachment":[{"href":"https:\/\/radiostudiow.com.br\/site\/wp-json\/wp\/v2\/media?parent=26203"}],"wp:term":[{"taxonomy":"category","embeddable":true,"href":"https:\/\/radiostudiow.com.br\/site\/wp-json\/wp\/v2\/categories?post=26203"},{"taxonomy":"post_tag","embeddable":true,"href":"https:\/\/radiostudiow.com.br\/site\/wp-json\/wp\/v2\/tags?post=26203"}],"curies":[{"name":"wp","href":"https:\/\/api.w.org\/{rel}","templated":true}]}}