{"id":26210,"date":"2024-08-21T09:44:07","date_gmt":"2024-08-21T12:44:07","guid":{"rendered":"https:\/\/radiostudiow.com.br\/site\/?p=26210"},"modified":"2025-01-31T14:59:00","modified_gmt":"2025-01-31T17:59:00","slug":"foragido-ha-5-anos-malletense-condenado-por-estupro-e-preso-em-sao-paulo","status":"publish","type":"post","link":"https:\/\/radiostudiow.com.br\/site\/2024\/08\/21\/foragido-ha-5-anos-malletense-condenado-por-estupro-e-preso-em-sao-paulo\/","title":{"rendered":"Foragido h\u00e1 5 anos, malletense condenado por estupro \u00e9 preso em S\u00e3o Paulo"},"content":{"rendered":"\n<p>Na tarde desta segunda-feira (19), a pol\u00edcia de S\u00e3o Paulo prendeu um malletense que estava foragido h\u00e1 cinco anos. O indiv\u00edduo, condenado a 15 anos de pris\u00e3o pelo crime de estupro de vulner\u00e1vel, al\u00e9m de viol\u00eancia sexual contra seis adolescentes e duas crian\u00e7as, foi localizado na capital paulista ap\u00f3s uma investiga\u00e7\u00e3o intensa e detalhada.<\/p>\n\n\n\n<figure class=\"wp-block-image size-full\"><img decoding=\"async\" src=\"https:\/\/radiostudiow.com.br\/site\/wp-content\/uploads\/2024\/04\/image-47.png\" alt=\"\" class=\"wp-image-21404\"\/><\/figure>\n\n\n\n<p>A senten\u00e7a, expedida em Mallet, resultou em sua fuga logo ap\u00f3s o criminoso ter conhecimento da ordem de pris\u00e3o. Desde ent\u00e3o, ele vinha se escondendo em diferentes cidades, dificultando o trabalho das autoridades em localiz\u00e1-lo. A opera\u00e7\u00e3o para captur\u00e1-lo exigiu coopera\u00e7\u00e3o entre diversas unidades policiais e o uso de t\u00e9cnicas de intelig\u00eancia para rastrear seus passos.<\/p>\n\n\n\n<p>A pris\u00e3o ocorreu na resid\u00eancia do foragido em S\u00e3o Paulo. Segundo o delegado respons\u00e1vel pela opera\u00e7\u00e3o, o criminoso tentou inicialmente despistar os policiais, afirmando que chamaria outra pessoa para atend\u00ea-los. Contudo, a estrat\u00e9gia foi rapidamente identificada e frustrada pelas autoridades.<\/p>\n\n\n\n<figure class=\"wp-block-image size-full\"><img loading=\"lazy\" decoding=\"async\" width=\"897\" height=\"204\" src=\"https:\/\/radiostudiow.com.br\/site\/wp-content\/uploads\/2024\/04\/image-50.png\" alt=\"\" class=\"wp-image-21368\" srcset=\"https:\/\/radiostudiow.com.br\/site\/wp-content\/uploads\/2024\/04\/image-50.png 897w, https:\/\/radiostudiow.com.br\/site\/wp-content\/uploads\/2024\/04\/image-50-300x68.png 300w, https:\/\/radiostudiow.com.br\/site\/wp-content\/uploads\/2024\/04\/image-50-768x175.png 768w\" sizes=\"auto, (max-width: 897px) 100vw, 897px\" \/><\/figure>\n\n\n\n<p>Ap\u00f3s ser informado sobre a deten\u00e7\u00e3o, o homem n\u00e3o apresentou resist\u00eancia e foi levado sob cust\u00f3dia. O caso j\u00e1 havia transitado em julgado, ou seja, n\u00e3o cabiam mais recursos \u00e0 senten\u00e7a.<\/p>\n\n\n\n<p>O caso agora segue para a execu\u00e7\u00e3o da senten\u00e7a, com o condenado sendo transferido para um pres\u00eddio em que cumprir\u00e1 a pena estipulada pela Justi\u00e7a.<\/p>\n\n\n\n<figure class=\"wp-block-video\"><video height=\"1080\" style=\"aspect-ratio: 1920 \/ 1080;\" width=\"1920\" controls src=\"https:\/\/radiostudiow.com.br\/site\/wp-content\/uploads\/2024\/08\/TV.mp4\"><\/video><\/figure>\n","protected":false},"excerpt":{"rendered":"<p>Na tarde desta segunda-feira (19), a pol\u00edcia de S\u00e3o Paulo prendeu um malletense que estava foragido h\u00e1 cinco anos. O indiv\u00edduo, condenado a 15 anos de pris\u00e3o pelo crime de estupro de vulner\u00e1vel, al\u00e9m de viol\u00eancia sexual contra seis adolescentes e duas crian\u00e7as, foi localizado na capital paulista ap\u00f3s uma investiga\u00e7\u00e3o intensa e detalhada. A [&hellip;]<\/p>\n","protected":false},"author":2,"featured_media":26217,"comment_status":"open","ping_status":"open","sticky":false,"template":"","format":"standard","meta":{"footnotes":""},"categories":[2],"tags":[172],"class_list":["post-26210","post","type-post","status-publish","format-standard","has-post-thumbnail","hentry","category-policial","tag-featured"],"amp_enabled":true,"_links":{"self":[{"href":"https:\/\/radiostudiow.com.br\/site\/wp-json\/wp\/v2\/posts\/26210","targetHints":{"allow":["GET"]}}],"collection":[{"href":"https:\/\/radiostudiow.com.br\/site\/wp-json\/wp\/v2\/posts"}],"about":[{"href":"https:\/\/radiostudiow.com.br\/site\/wp-json\/wp\/v2\/types\/post"}],"author":[{"embeddable":true,"href":"https:\/\/radiostudiow.com.br\/site\/wp-json\/wp\/v2\/users\/2"}],"replies":[{"embeddable":true,"href":"https:\/\/radiostudiow.com.br\/site\/wp-json\/wp\/v2\/comments?post=26210"}],"version-history":[{"count":2,"href":"https:\/\/radiostudiow.com.br\/site\/wp-json\/wp\/v2\/posts\/26210\/revisions"}],"predecessor-version":[{"id":26218,"href":"https:\/\/radiostudiow.com.br\/site\/wp-json\/wp\/v2\/posts\/26210\/revisions\/26218"}],"wp:featuredmedia":[{"embeddable":true,"href":"https:\/\/radiostudiow.com.br\/site\/wp-json\/wp\/v2\/media\/26217"}],"wp:attachment":[{"href":"https:\/\/radiostudiow.com.br\/site\/wp-json\/wp\/v2\/media?parent=26210"}],"wp:term":[{"taxonomy":"category","embeddable":true,"href":"https:\/\/radiostudiow.com.br\/site\/wp-json\/wp\/v2\/categories?post=26210"},{"taxonomy":"post_tag","embeddable":true,"href":"https:\/\/radiostudiow.com.br\/site\/wp-json\/wp\/v2\/tags?post=26210"}],"curies":[{"name":"wp","href":"https:\/\/api.w.org\/{rel}","templated":true}]}}