{"id":26224,"date":"2024-08-21T10:04:58","date_gmt":"2024-08-21T13:04:58","guid":{"rendered":"https:\/\/radiostudiow.com.br\/site\/?p=26224"},"modified":"2025-01-31T14:59:00","modified_gmt":"2025-01-31T17:59:00","slug":"apos-julgamento-defesa-de-morador-de-general-carneiro-que-foi-condenado-por-homicidio-e-ocultacao-de-cadaver-de-adolescente-divulga-nota","status":"publish","type":"post","link":"https:\/\/radiostudiow.com.br\/site\/2024\/08\/21\/apos-julgamento-defesa-de-morador-de-general-carneiro-que-foi-condenado-por-homicidio-e-ocultacao-de-cadaver-de-adolescente-divulga-nota\/","title":{"rendered":"Ap\u00f3s julgamento, defesa de morador de General Carneiro que foi condenado por homic\u00eddio e oculta\u00e7\u00e3o de cad\u00e1ver de adolescente divulga nota"},"content":{"rendered":"\n<p>Aconteceu na semana passada o julgamento de Adir de Jesus Silveira, de 46 anos, e seu filho Lucas Adriano Silveira, de 22 anos, acusados de assassinar brutalmente um adolescente Cleunir Kauan Gon\u00e7alves dos Santos, de 17 anos no m\u00eas de novembro de 2023.<\/p>\n\n\n\n<figure class=\"wp-block-image size-full\"><img loading=\"lazy\" decoding=\"async\" width=\"897\" height=\"204\" src=\"https:\/\/radiostudiow.com.br\/site\/wp-content\/uploads\/2024\/08\/TIJOLAO.png\" alt=\"\" class=\"wp-image-25951\" srcset=\"https:\/\/radiostudiow.com.br\/site\/wp-content\/uploads\/2024\/08\/TIJOLAO.png 897w, https:\/\/radiostudiow.com.br\/site\/wp-content\/uploads\/2024\/08\/TIJOLAO-300x68.png 300w, https:\/\/radiostudiow.com.br\/site\/wp-content\/uploads\/2024\/08\/TIJOLAO-768x175.png 768w\" sizes=\"auto, (max-width: 897px) 100vw, 897px\" \/><\/figure>\n\n\n\n<p>Pai e filho foram submetidos ao J\u00fari Popular em Uni\u00e3o da Vit\u00f3ria, onde Lucas foi absolvido de todos os crimes e imediatamente colocado em liberdade. Adir de Jesus Silveira foi condenado por homic\u00eddio e oculta\u00e7\u00e3o de cad\u00e1ver, entretanto, teve sua pena reduzida ap\u00f3s os jurados reconhecerem as circunst\u00e2ncias em que o crime aconteceu.<\/p>\n\n\n\n<p>Em nota, a defesa de pai e filho se manifestou alegando que nunca concordou com a forma como o fato foi noticiado, por isso, solicitou a reda\u00e7\u00e3o para que fosse divulgado uma nota oficial. Veja na Integra:<\/p>\n\n\n\n<figure class=\"wp-block-image size-full is-resized\"><img loading=\"lazy\" decoding=\"async\" width=\"500\" height=\"782\" src=\"https:\/\/radiostudiow.com.br\/site\/wp-content\/uploads\/2024\/08\/image-24.png\" alt=\"\" class=\"wp-image-26225\" style=\"width:501px;height:auto\" srcset=\"https:\/\/radiostudiow.com.br\/site\/wp-content\/uploads\/2024\/08\/image-24.png 500w, https:\/\/radiostudiow.com.br\/site\/wp-content\/uploads\/2024\/08\/image-24-192x300.png 192w\" sizes=\"auto, (max-width: 500px) 100vw, 500px\" \/><\/figure>\n\n\n\n<h2 class=\"wp-block-heading\"><strong>Relembre o crime<\/strong><\/h2>\n\n\n\n<p>O adolescente Cleunir Kauan Gon\u00e7alves dos Santos, de 17 anos, morador do bairro Planalto em General Carneiro desapareceu no dia 13 de novembro e foi encontrado um dia depois morto em um reflorestamento pr\u00f3ximo do trevo de acesso \u00e0 Bituruna, com sinais de asfixia com cadar\u00e7o de seu pr\u00f3prio t\u00eanis.<\/p>\n\n\n\n<p>Conforme a Delegacia da Mulher de Uni\u00e3o da Vit\u00f3ria que investigou o crime, e divulgou informa\u00e7\u00f5es sobre o caso, em uma a\u00e7\u00e3o r\u00e1pida Adir e seu filho foram identificados e vieram a assumir a autoria do crime, sendo presos. Segundo o delegado Douglas Possebon, o adolescente teria sido flagrado com a filha de Adir que n\u00e3o admitia o relacionamento.<\/p>\n","protected":false},"excerpt":{"rendered":"<p>Aconteceu na semana passada o julgamento de Adir de Jesus Silveira, de 46 anos, e seu filho Lucas Adriano Silveira, de 22 anos, acusados de assassinar brutalmente um adolescente Cleunir Kauan Gon\u00e7alves dos Santos, de 17 anos no m\u00eas de novembro de 2023. Pai e filho foram submetidos ao J\u00fari Popular em Uni\u00e3o da Vit\u00f3ria, [&hellip;]<\/p>\n","protected":false},"author":2,"featured_media":16959,"comment_status":"open","ping_status":"open","sticky":false,"template":"","format":"standard","meta":{"footnotes":""},"categories":[2],"tags":[172],"class_list":["post-26224","post","type-post","status-publish","format-standard","has-post-thumbnail","hentry","category-policial","tag-featured"],"amp_enabled":true,"_links":{"self":[{"href":"https:\/\/radiostudiow.com.br\/site\/wp-json\/wp\/v2\/posts\/26224","targetHints":{"allow":["GET"]}}],"collection":[{"href":"https:\/\/radiostudiow.com.br\/site\/wp-json\/wp\/v2\/posts"}],"about":[{"href":"https:\/\/radiostudiow.com.br\/site\/wp-json\/wp\/v2\/types\/post"}],"author":[{"embeddable":true,"href":"https:\/\/radiostudiow.com.br\/site\/wp-json\/wp\/v2\/users\/2"}],"replies":[{"embeddable":true,"href":"https:\/\/radiostudiow.com.br\/site\/wp-json\/wp\/v2\/comments?post=26224"}],"version-history":[{"count":1,"href":"https:\/\/radiostudiow.com.br\/site\/wp-json\/wp\/v2\/posts\/26224\/revisions"}],"predecessor-version":[{"id":26226,"href":"https:\/\/radiostudiow.com.br\/site\/wp-json\/wp\/v2\/posts\/26224\/revisions\/26226"}],"wp:featuredmedia":[{"embeddable":true,"href":"https:\/\/radiostudiow.com.br\/site\/wp-json\/wp\/v2\/media\/16959"}],"wp:attachment":[{"href":"https:\/\/radiostudiow.com.br\/site\/wp-json\/wp\/v2\/media?parent=26224"}],"wp:term":[{"taxonomy":"category","embeddable":true,"href":"https:\/\/radiostudiow.com.br\/site\/wp-json\/wp\/v2\/categories?post=26224"},{"taxonomy":"post_tag","embeddable":true,"href":"https:\/\/radiostudiow.com.br\/site\/wp-json\/wp\/v2\/tags?post=26224"}],"curies":[{"name":"wp","href":"https:\/\/api.w.org\/{rel}","templated":true}]}}