{"id":26230,"date":"2024-08-21T11:53:56","date_gmt":"2024-08-21T14:53:56","guid":{"rendered":"https:\/\/radiostudiow.com.br\/site\/?p=26230"},"modified":"2025-01-31T14:59:00","modified_gmt":"2025-01-31T17:59:00","slug":"materiais-de-construcao-sao-furtados-de-obra-em-sao-mateus-do-sul","status":"publish","type":"post","link":"https:\/\/radiostudiow.com.br\/site\/2024\/08\/21\/materiais-de-construcao-sao-furtados-de-obra-em-sao-mateus-do-sul\/","title":{"rendered":"Materiais de constru\u00e7\u00e3o s\u00e3o furtados de obra em S\u00e3o Mateus do Sul"},"content":{"rendered":"\n<p>Na manh\u00e3 de segunda-feira (19), a Pol\u00edcia Militar de S\u00e3o Mateus do Sul foi acionada via central de comunica\u00e7\u00e3o para atender situa\u00e7\u00e3o de furto qualificado.<\/p>\n\n\n\n<figure class=\"wp-block-image size-full\"><img loading=\"lazy\" decoding=\"async\" width=\"300\" height=\"180\" src=\"https:\/\/radiostudiow.com.br\/site\/wp-content\/uploads\/2024\/04\/SITE-PEQUENO-1.png\" alt=\"\" class=\"wp-image-21868\"\/><\/figure>\n\n\n\n<p><a href=\"https:\/\/www.instagram.com\/amcgcamposgerais\/?hl=pt-br\" target=\"_blank\" rel=\"noreferrer noopener\"><\/a>No local conversando com a v\u00edtima, o homem informou que \u00e9 agricultor mas nas horas vagas trabalha com constru\u00e7\u00e3o. Ele disse que est\u00e1 construindo uma casa e ao chegar cedo para iniciar os trabalhos notou que a casa feita para guardar materiais havia sido arrombada e notou a falta de alguns materiais, sendo serra el\u00e9trica, martelo, extens\u00e3o, caixa de som e furadeira.<\/p>\n\n\n\n<p>Foi poss\u00edvel constatar o arrombamento da parte inferior da porta. Ele foi orientado quanto aos procedimentos cab\u00edveis.<\/p>\n\n\n\n<figure class=\"wp-block-image size-full\"><img loading=\"lazy\" decoding=\"async\" width=\"598\" height=\"204\" src=\"https:\/\/radiostudiow.com.br\/site\/wp-content\/uploads\/2024\/04\/image-39.png\" alt=\"\" class=\"wp-image-21311\" srcset=\"https:\/\/radiostudiow.com.br\/site\/wp-content\/uploads\/2024\/04\/image-39.png 598w, https:\/\/radiostudiow.com.br\/site\/wp-content\/uploads\/2024\/04\/image-39-300x102.png 300w\" sizes=\"auto, (max-width: 598px) 100vw, 598px\" \/><\/figure>\n","protected":false},"excerpt":{"rendered":"<p>Na manh\u00e3 de segunda-feira (19), a Pol\u00edcia Militar de S\u00e3o Mateus do Sul foi acionada via central de comunica\u00e7\u00e3o para atender situa\u00e7\u00e3o de furto qualificado. No local conversando com a v\u00edtima, o homem informou que \u00e9 agricultor mas nas horas vagas trabalha com constru\u00e7\u00e3o. Ele disse que est\u00e1 construindo uma casa e ao chegar cedo [&hellip;]<\/p>\n","protected":false},"author":2,"featured_media":24702,"comment_status":"open","ping_status":"open","sticky":false,"template":"","format":"standard","meta":{"footnotes":""},"categories":[2],"tags":[172],"class_list":["post-26230","post","type-post","status-publish","format-standard","has-post-thumbnail","hentry","category-policial","tag-featured"],"amp_enabled":true,"_links":{"self":[{"href":"https:\/\/radiostudiow.com.br\/site\/wp-json\/wp\/v2\/posts\/26230","targetHints":{"allow":["GET"]}}],"collection":[{"href":"https:\/\/radiostudiow.com.br\/site\/wp-json\/wp\/v2\/posts"}],"about":[{"href":"https:\/\/radiostudiow.com.br\/site\/wp-json\/wp\/v2\/types\/post"}],"author":[{"embeddable":true,"href":"https:\/\/radiostudiow.com.br\/site\/wp-json\/wp\/v2\/users\/2"}],"replies":[{"embeddable":true,"href":"https:\/\/radiostudiow.com.br\/site\/wp-json\/wp\/v2\/comments?post=26230"}],"version-history":[{"count":2,"href":"https:\/\/radiostudiow.com.br\/site\/wp-json\/wp\/v2\/posts\/26230\/revisions"}],"predecessor-version":[{"id":26248,"href":"https:\/\/radiostudiow.com.br\/site\/wp-json\/wp\/v2\/posts\/26230\/revisions\/26248"}],"wp:featuredmedia":[{"embeddable":true,"href":"https:\/\/radiostudiow.com.br\/site\/wp-json\/wp\/v2\/media\/24702"}],"wp:attachment":[{"href":"https:\/\/radiostudiow.com.br\/site\/wp-json\/wp\/v2\/media?parent=26230"}],"wp:term":[{"taxonomy":"category","embeddable":true,"href":"https:\/\/radiostudiow.com.br\/site\/wp-json\/wp\/v2\/categories?post=26230"},{"taxonomy":"post_tag","embeddable":true,"href":"https:\/\/radiostudiow.com.br\/site\/wp-json\/wp\/v2\/tags?post=26230"}],"curies":[{"name":"wp","href":"https:\/\/api.w.org\/{rel}","templated":true}]}}