{"id":26232,"date":"2024-08-21T10:14:24","date_gmt":"2024-08-21T13:14:24","guid":{"rendered":"https:\/\/radiostudiow.com.br\/site\/?p=26232"},"modified":"2025-01-31T14:59:00","modified_gmt":"2025-01-31T17:59:00","slug":"casos-de-incendio-ambiental-mais-que-dobram-no-parana","status":"publish","type":"post","link":"https:\/\/radiostudiow.com.br\/site\/2024\/08\/21\/casos-de-incendio-ambiental-mais-que-dobram-no-parana\/","title":{"rendered":"Casos de inc\u00eandio ambiental mais que dobram no Paran\u00e1"},"content":{"rendered":"\n<p>Somente em 2024, foram mais de 8,6 mil ocorr\u00eancias desse tipo em todo o estado, conforme dados divulgados pelo\u00a0<a href=\"https:\/\/www.sysbm.bombeiros.pr.gov.br\/sysbmnew\/menu_imprensa\/\">Sistema de Estat\u00edsticas de Ocorr\u00eancias do Corpo de Bombeiros do Paran\u00e1<\/a>.<\/p>\n\n\n\n<figure class=\"wp-block-image size-full\"><img decoding=\"async\" src=\"https:\/\/radiostudiow.com.br\/site\/wp-content\/uploads\/2024\/04\/image-42.png\" alt=\"\" class=\"wp-image-21334\"\/><\/figure>\n\n\n\n<p><a href=\"https:\/\/www.instagram.com\/amcgcamposgerais\/?hl=pt-br\" target=\"_blank\" rel=\"noreferrer noopener\"><\/a>Conforme o\u00a0Sistema de Estat\u00edsticas de Ocorr\u00eancias do Corpo de Bombeiros do Paran\u00e1, desde o come\u00e7o do ano j\u00e1 foram registrados 8.635 inc\u00eandios ambientais. Isso \u00e9 o equivalente a 37 inc\u00eandios di\u00e1rios, sendo que o m\u00eas de agosto (com 1.563 notifica\u00e7\u00f5es) j\u00e1 \u00e9 o segundo com mais ocorr\u00eancias. Em breve, inclusive, deve superar junho, que concentrou 1.648 registros. Os dados foram apurados pelo Portal Bem Paran\u00e1.<\/p>\n\n\n\n<p>Na compara\u00e7\u00e3o com o mesmo per\u00edodo do ano passado, verifica-se ainda que os casos de inc\u00eandio mais do que dobraram no Paran\u00e1. Em 2023, haviam 3.923 casos at\u00e9 o dia 19 de agosto. Isso significa que neste ano as ocorr\u00eancias tiveram alta de 120,1%, considerando-se os mesmos per\u00edodos. J\u00e1 em todo o ano passado e no ano de 2022, um total de 6.483 e 4.659 ocorr\u00eancias foram registradas, respectivamente.<\/p>\n\n\n\n<h2 class=\"wp-block-heading\">Temporada do fogo: 3\u00ba trimestre concentra maioria dos inc\u00eandios<\/h2>\n\n\n\n<p>Tradicionalmente, o terceiro trimestre do ano costuma ser o que concentra mais ocorr\u00eancias de inc\u00eandio em vegeta\u00e7\u00e3o. Prova disso \u00e9 que, a cada ano, cerca de 10 mil inc\u00eandios desse tipo s\u00e3o registrados no estado. E quase metade dos casos (cerca de 4,9 mil registros) se concentram entre os meses de julho, agosto e setembro.<\/p>\n\n\n\n<figure class=\"wp-block-image size-full\"><img loading=\"lazy\" decoding=\"async\" width=\"590\" height=\"204\" src=\"https:\/\/radiostudiow.com.br\/site\/wp-content\/uploads\/2024\/04\/image-27.png\" alt=\"\" class=\"wp-image-21280\" srcset=\"https:\/\/radiostudiow.com.br\/site\/wp-content\/uploads\/2024\/04\/image-27.png 590w, https:\/\/radiostudiow.com.br\/site\/wp-content\/uploads\/2024\/04\/image-27-300x104.png 300w\" sizes=\"auto, (max-width: 590px) 100vw, 590px\" \/><\/figure>\n\n\n\n<p>Ajudar a combater essas ocorr\u00eancias, contudo, \u00e9 um dever de todos. E para isso, basta seguir algumas dicas de seguran\u00e7a simples. Uma delas \u00e9 n\u00e3o jogar lixo em terrenos baldios ou qualquer outro lugar inapropriado. Outras s\u00e3o n\u00e3o descartar bitucas de cigarro para fora do carro e n\u00e3o fazer queimadas para limpeza de terrenos.<\/p>\n\n\n\n<p>Caso se depare com um pequeno foco de inc\u00eandio (nada maior que uma pequena fogueira), voc\u00ea pode apag\u00e1-lo com uma mangueira de jardim ou at\u00e9 com um balde d\u2019\u00e1gua. Mas se o inc\u00eandio j\u00e1 ganhou muita altura ou uma extens\u00e3o avantajada, ligue imediatamente para o Corpo de Bombeiros. O telefone \u00e9 o de n\u00famero 193 para emerg\u00eancias em todo o territ\u00f3rio nacional. Na liga\u00e7\u00e3o, informe o local, tamanho e dire\u00e7\u00e3o para onde o inc\u00eandio est\u00e1 indo. Tamb\u00e9m procure um lugar seguro, longe do fogo ou da fuma\u00e7a, para permanecer.<\/p>\n","protected":false},"excerpt":{"rendered":"<p>Somente em 2024, foram mais de 8,6 mil ocorr\u00eancias desse tipo em todo o estado, conforme dados divulgados pelo\u00a0Sistema de Estat\u00edsticas de Ocorr\u00eancias do Corpo de Bombeiros do Paran\u00e1. Conforme o\u00a0Sistema de Estat\u00edsticas de Ocorr\u00eancias do Corpo de Bombeiros do Paran\u00e1, desde o come\u00e7o do ano j\u00e1 foram registrados 8.635 inc\u00eandios ambientais. Isso \u00e9 o [&hellip;]<\/p>\n","protected":false},"author":2,"featured_media":26233,"comment_status":"open","ping_status":"open","sticky":false,"template":"","format":"standard","meta":{"footnotes":""},"categories":[185],"tags":[172],"class_list":["post-26232","post","type-post","status-publish","format-standard","has-post-thumbnail","hentry","category-regional","tag-featured"],"amp_enabled":true,"_links":{"self":[{"href":"https:\/\/radiostudiow.com.br\/site\/wp-json\/wp\/v2\/posts\/26232","targetHints":{"allow":["GET"]}}],"collection":[{"href":"https:\/\/radiostudiow.com.br\/site\/wp-json\/wp\/v2\/posts"}],"about":[{"href":"https:\/\/radiostudiow.com.br\/site\/wp-json\/wp\/v2\/types\/post"}],"author":[{"embeddable":true,"href":"https:\/\/radiostudiow.com.br\/site\/wp-json\/wp\/v2\/users\/2"}],"replies":[{"embeddable":true,"href":"https:\/\/radiostudiow.com.br\/site\/wp-json\/wp\/v2\/comments?post=26232"}],"version-history":[{"count":1,"href":"https:\/\/radiostudiow.com.br\/site\/wp-json\/wp\/v2\/posts\/26232\/revisions"}],"predecessor-version":[{"id":26234,"href":"https:\/\/radiostudiow.com.br\/site\/wp-json\/wp\/v2\/posts\/26232\/revisions\/26234"}],"wp:featuredmedia":[{"embeddable":true,"href":"https:\/\/radiostudiow.com.br\/site\/wp-json\/wp\/v2\/media\/26233"}],"wp:attachment":[{"href":"https:\/\/radiostudiow.com.br\/site\/wp-json\/wp\/v2\/media?parent=26232"}],"wp:term":[{"taxonomy":"category","embeddable":true,"href":"https:\/\/radiostudiow.com.br\/site\/wp-json\/wp\/v2\/categories?post=26232"},{"taxonomy":"post_tag","embeddable":true,"href":"https:\/\/radiostudiow.com.br\/site\/wp-json\/wp\/v2\/tags?post=26232"}],"curies":[{"name":"wp","href":"https:\/\/api.w.org\/{rel}","templated":true}]}}