{"id":26235,"date":"2024-08-21T10:21:23","date_gmt":"2024-08-21T13:21:23","guid":{"rendered":"https:\/\/radiostudiow.com.br\/site\/?p=26235"},"modified":"2025-01-31T14:59:00","modified_gmt":"2025-01-31T17:59:00","slug":"283-kg-de-drogas-apreendidas-sao-incinerados-em-uniao-da-vitoria","status":"publish","type":"post","link":"https:\/\/radiostudiow.com.br\/site\/2024\/08\/21\/283-kg-de-drogas-apreendidas-sao-incinerados-em-uniao-da-vitoria\/","title":{"rendered":"283 kg de drogas apreendidas s\u00e3o incinerados em Uni\u00e3o da Vit\u00f3ria"},"content":{"rendered":"\n<p>Em uma a\u00e7\u00e3o significativa no combate ao tr\u00e1fico de drogas, cerca de 283 quilos de subst\u00e2ncias il\u00edcitas foram incinerados nesta ter\u00e7a-feira, 20 de agosto, em Uni\u00e3o da Vit\u00f3ria.<\/p>\n\n\n\n<p>A destrui\u00e7\u00e3o das drogas, apreendidas pelas for\u00e7as policiais ao longo dos \u00faltimos meses, ocorreu na presen\u00e7a de representantes da Vigil\u00e2ncia Sanit\u00e1ria, do Minist\u00e9rio P\u00fablico do Paran\u00e1 e da Pol\u00edcia Civil de Uni\u00e3o da Vit\u00f3ria.<\/p>\n\n\n\n<figure class=\"wp-block-image size-full\"><img decoding=\"async\" src=\"https:\/\/radiostudiow.com.br\/site\/wp-content\/uploads\/2024\/04\/SITE-MEDIO.png\" alt=\"\" class=\"wp-image-21854\"\/><\/figure>\n\n\n\n<p>Entre as subst\u00e2ncias incineradas, havia uma variedade de drogas que representam uma parte das apreens\u00f5es substanciais feitas durante opera\u00e7\u00f5es recentes. Essas a\u00e7\u00f5es resultaram em importantes pris\u00f5es e s\u00e3o consideradas um sucesso no esfor\u00e7o cont\u00ednuo de repress\u00e3o ao tr\u00e1fico de drogas na regi\u00e3o.<\/p>\n\n\n\n<p>A Vigil\u00e2ncia Sanit\u00e1ria garantiu que todos os procedimentos de seguran\u00e7a fossem rigorosamente seguidos durante o processo, prevenindo qualquer impacto ambiental.&nbsp;A presen\u00e7a da Pol\u00edcia Civil e do Minist\u00e9rio P\u00fablico do Paran\u00e1 assegurou que a destrui\u00e7\u00e3o ocorresse conforme as normas legais vigentes, refor\u00e7ando a transpar\u00eancia nas a\u00e7\u00f5es judiciais contra o tr\u00e1fico de drogas.<\/p>\n\n\n\n<p>Essa incinera\u00e7\u00e3o \u00e9 parte de um conjunto de medidas adotadas para intensificar o combate ao tr\u00e1fico e minimizar o impacto das drogas na sociedade. As autoridades seguem comprometidas em realizar opera\u00e7\u00f5es de fiscaliza\u00e7\u00e3o e repress\u00e3o, al\u00e9m de promover campanhas educativas e de preven\u00e7\u00e3o para conscientizar a popula\u00e7\u00e3o sobre os riscos e as consequ\u00eancias do uso de drogas.<\/p>\n\n\n\n<figure class=\"wp-block-image size-full\"><img decoding=\"async\" src=\"https:\/\/radiostudiow.com.br\/site\/wp-content\/uploads\/2024\/04\/image-45.png\" alt=\"\" class=\"wp-image-21394\"\/><\/figure>\n\n\n\n<p><strong>Den\u00fancias:<\/strong>&nbsp;A Pol\u00edcia Civil do Paran\u00e1 (PCPR) solicita a colabora\u00e7\u00e3o da popula\u00e7\u00e3o com informa\u00e7\u00f5es que possam auxiliar nas investiga\u00e7\u00f5es. As den\u00fancias podem ser feitas anonimamente pelos n\u00fameros 197 (PCPR), 181 (Disque-Den\u00fancia).<\/p>\n","protected":false},"excerpt":{"rendered":"<p>Em uma a\u00e7\u00e3o significativa no combate ao tr\u00e1fico de drogas, cerca de 283 quilos de subst\u00e2ncias il\u00edcitas foram incinerados nesta ter\u00e7a-feira, 20 de agosto, em Uni\u00e3o da Vit\u00f3ria. A destrui\u00e7\u00e3o das drogas, apreendidas pelas for\u00e7as policiais ao longo dos \u00faltimos meses, ocorreu na presen\u00e7a de representantes da Vigil\u00e2ncia Sanit\u00e1ria, do Minist\u00e9rio P\u00fablico do Paran\u00e1 e [&hellip;]<\/p>\n","protected":false},"author":2,"featured_media":26327,"comment_status":"open","ping_status":"open","sticky":false,"template":"","format":"standard","meta":{"footnotes":""},"categories":[2],"tags":[172],"class_list":["post-26235","post","type-post","status-publish","format-standard","has-post-thumbnail","hentry","category-policial","tag-featured"],"amp_enabled":true,"_links":{"self":[{"href":"https:\/\/radiostudiow.com.br\/site\/wp-json\/wp\/v2\/posts\/26235","targetHints":{"allow":["GET"]}}],"collection":[{"href":"https:\/\/radiostudiow.com.br\/site\/wp-json\/wp\/v2\/posts"}],"about":[{"href":"https:\/\/radiostudiow.com.br\/site\/wp-json\/wp\/v2\/types\/post"}],"author":[{"embeddable":true,"href":"https:\/\/radiostudiow.com.br\/site\/wp-json\/wp\/v2\/users\/2"}],"replies":[{"embeddable":true,"href":"https:\/\/radiostudiow.com.br\/site\/wp-json\/wp\/v2\/comments?post=26235"}],"version-history":[{"count":3,"href":"https:\/\/radiostudiow.com.br\/site\/wp-json\/wp\/v2\/posts\/26235\/revisions"}],"predecessor-version":[{"id":26345,"href":"https:\/\/radiostudiow.com.br\/site\/wp-json\/wp\/v2\/posts\/26235\/revisions\/26345"}],"wp:featuredmedia":[{"embeddable":true,"href":"https:\/\/radiostudiow.com.br\/site\/wp-json\/wp\/v2\/media\/26327"}],"wp:attachment":[{"href":"https:\/\/radiostudiow.com.br\/site\/wp-json\/wp\/v2\/media?parent=26235"}],"wp:term":[{"taxonomy":"category","embeddable":true,"href":"https:\/\/radiostudiow.com.br\/site\/wp-json\/wp\/v2\/categories?post=26235"},{"taxonomy":"post_tag","embeddable":true,"href":"https:\/\/radiostudiow.com.br\/site\/wp-json\/wp\/v2\/tags?post=26235"}],"curies":[{"name":"wp","href":"https:\/\/api.w.org\/{rel}","templated":true}]}}