{"id":26260,"date":"2024-08-21T16:51:44","date_gmt":"2024-08-21T19:51:44","guid":{"rendered":"https:\/\/radiostudiow.com.br\/site\/?p=26260"},"modified":"2025-01-31T14:59:00","modified_gmt":"2025-01-31T17:59:00","slug":"apos-ter-sua-casa-assaltada-no-interior-de-prudentopolis-idoso-e-encontrado-morto-no-interior-de-imbituva","status":"publish","type":"post","link":"https:\/\/radiostudiow.com.br\/site\/2024\/08\/21\/apos-ter-sua-casa-assaltada-no-interior-de-prudentopolis-idoso-e-encontrado-morto-no-interior-de-imbituva\/","title":{"rendered":"Ap\u00f3s ter sua casa assaltada no interior de Prudent\u00f3polis, idoso \u00e9 encontrado morto no interior de Imbituva"},"content":{"rendered":"\n<figure class=\"wp-block-image size-full\"><img loading=\"lazy\" decoding=\"async\" width=\"897\" height=\"204\" src=\"https:\/\/radiostudiow.com.br\/site\/wp-content\/uploads\/2024\/08\/TIJOLAO.png\" alt=\"\" class=\"wp-image-25951\" srcset=\"https:\/\/radiostudiow.com.br\/site\/wp-content\/uploads\/2024\/08\/TIJOLAO.png 897w, https:\/\/radiostudiow.com.br\/site\/wp-content\/uploads\/2024\/08\/TIJOLAO-300x68.png 300w, https:\/\/radiostudiow.com.br\/site\/wp-content\/uploads\/2024\/08\/TIJOLAO-768x175.png 768w\" sizes=\"auto, (max-width: 897px) 100vw, 897px\" \/><\/figure>\n\n\n\n<p>O Sr. Afonso Micalichechen, que estava desaparecido desde a noite do dia, 15\/08, ap\u00f3s ocorrer um assalto em sua resid\u00eancia na localidade de S\u00e3o Jo\u00e3o do Rio Claro, interior de Prudent\u00f3polis, foi localizado morto na manh\u00e3 do \u00faltimo domingo, 18\/08, na localidade de Restinga, interior de Imbituva.<\/p>\n\n\n\n<p>O corpo do senhor Afonso estava abandonado em uma \u00e1rea de lavoura, embolado em um cobertor e com manchas de sangue.<\/p>\n\n\n\n<p>Os assaltantes levaram da resid\u00eancia da v\u00edtima dois ve\u00edculos, sendo uma Fiat Strada cor branca, cabine simples e uma Fiat Strada cor vermelha modelo 2023 cabine simples. A princ\u00edpio, um dos ve\u00edculos teria sido localizado em Ponta Grossa.<\/p>\n\n\n\n<figure class=\"wp-block-image size-full\"><img decoding=\"async\" src=\"https:\/\/radiostudiow.com.br\/site\/wp-content\/uploads\/2024\/04\/image-45.png\" alt=\"\" class=\"wp-image-21394\"\/><\/figure>\n\n\n\n<p>Na tarde da ter\u00e7a-feira (20), Jeferson Rodrigues, 30 anos e J\u00falio C\u00e9sar Stadler, 19 anos, os principais suspeitos do crime, morreram em confronto com equipes policias, em Ponta Grossa.<\/p>\n\n\n\n<p>Jeferson \u00e9 natural de Prudent\u00f3polis e atualmente residia na localidade de Rio D\u2019areia, interior de Prudent\u00f3polis.<\/p>\n\n\n\n<p>Os dois indiv\u00edduos s\u00e3o suspeitos de terem matado o senhor Afonso Micalichechen, 75 anos, durante um roubo na casa da v\u00edtima no dia 15\/08, na localidade de S\u00e3o Jo\u00e3o do Rio Claro, interior do munic\u00edpio.<\/p>\n\n\n\n<p>Um dos ve\u00edculos foi recuperado em Ponta Grossa-PR. As for\u00e7as policiais seguem investigando o caso.<\/p>\n\n\n\n<figure class=\"wp-block-image size-full\"><img loading=\"lazy\" decoding=\"async\" width=\"819\" height=\"1024\" src=\"https:\/\/radiostudiow.com.br\/site\/wp-content\/uploads\/2024\/08\/image-29.png\" alt=\"\" class=\"wp-image-26262\" srcset=\"https:\/\/radiostudiow.com.br\/site\/wp-content\/uploads\/2024\/08\/image-29.png 819w, https:\/\/radiostudiow.com.br\/site\/wp-content\/uploads\/2024\/08\/image-29-240x300.png 240w, https:\/\/radiostudiow.com.br\/site\/wp-content\/uploads\/2024\/08\/image-29-768x960.png 768w\" sizes=\"auto, (max-width: 819px) 100vw, 819px\" \/><\/figure>\n","protected":false},"excerpt":{"rendered":"<p>O Sr. Afonso Micalichechen, que estava desaparecido desde a noite do dia, 15\/08, ap\u00f3s ocorrer um assalto em sua resid\u00eancia na localidade de S\u00e3o Jo\u00e3o do Rio Claro, interior de Prudent\u00f3polis, foi localizado morto na manh\u00e3 do \u00faltimo domingo, 18\/08, na localidade de Restinga, interior de Imbituva. O corpo do senhor Afonso estava abandonado em [&hellip;]<\/p>\n","protected":false},"author":2,"featured_media":26261,"comment_status":"open","ping_status":"open","sticky":false,"template":"","format":"standard","meta":{"footnotes":""},"categories":[2],"tags":[172],"class_list":["post-26260","post","type-post","status-publish","format-standard","has-post-thumbnail","hentry","category-policial","tag-featured"],"amp_enabled":true,"_links":{"self":[{"href":"https:\/\/radiostudiow.com.br\/site\/wp-json\/wp\/v2\/posts\/26260","targetHints":{"allow":["GET"]}}],"collection":[{"href":"https:\/\/radiostudiow.com.br\/site\/wp-json\/wp\/v2\/posts"}],"about":[{"href":"https:\/\/radiostudiow.com.br\/site\/wp-json\/wp\/v2\/types\/post"}],"author":[{"embeddable":true,"href":"https:\/\/radiostudiow.com.br\/site\/wp-json\/wp\/v2\/users\/2"}],"replies":[{"embeddable":true,"href":"https:\/\/radiostudiow.com.br\/site\/wp-json\/wp\/v2\/comments?post=26260"}],"version-history":[{"count":1,"href":"https:\/\/radiostudiow.com.br\/site\/wp-json\/wp\/v2\/posts\/26260\/revisions"}],"predecessor-version":[{"id":26263,"href":"https:\/\/radiostudiow.com.br\/site\/wp-json\/wp\/v2\/posts\/26260\/revisions\/26263"}],"wp:featuredmedia":[{"embeddable":true,"href":"https:\/\/radiostudiow.com.br\/site\/wp-json\/wp\/v2\/media\/26261"}],"wp:attachment":[{"href":"https:\/\/radiostudiow.com.br\/site\/wp-json\/wp\/v2\/media?parent=26260"}],"wp:term":[{"taxonomy":"category","embeddable":true,"href":"https:\/\/radiostudiow.com.br\/site\/wp-json\/wp\/v2\/categories?post=26260"},{"taxonomy":"post_tag","embeddable":true,"href":"https:\/\/radiostudiow.com.br\/site\/wp-json\/wp\/v2\/tags?post=26260"}],"curies":[{"name":"wp","href":"https:\/\/api.w.org\/{rel}","templated":true}]}}