{"id":26280,"date":"2024-08-21T20:04:36","date_gmt":"2024-08-21T23:04:36","guid":{"rendered":"https:\/\/radiostudiow.com.br\/site\/?p=26280"},"modified":"2025-01-31T14:58:59","modified_gmt":"2025-01-31T17:58:59","slug":"motociclista-fica-ferida-em-acidente-na-br-153-em-irati","status":"publish","type":"post","link":"https:\/\/radiostudiow.com.br\/site\/2024\/08\/21\/motociclista-fica-ferida-em-acidente-na-br-153-em-irati\/","title":{"rendered":"Motociclista fica ferida em acidente na BR-153 em Irati"},"content":{"rendered":"\n<p>Uma mulher ficou ferida em um acidente entre uma motocicleta Honda CB e um Fiat Palio na BR-153, em Irati, na manha desta ter\u00e7a-feira (20).<\/p>\n\n\n\n<figure class=\"wp-block-image size-full\"><img loading=\"lazy\" decoding=\"async\" width=\"897\" height=\"204\" src=\"https:\/\/radiostudiow.com.br\/site\/wp-content\/uploads\/2024\/04\/image-50.png\" alt=\"\" class=\"wp-image-21368\" srcset=\"https:\/\/radiostudiow.com.br\/site\/wp-content\/uploads\/2024\/04\/image-50.png 897w, https:\/\/radiostudiow.com.br\/site\/wp-content\/uploads\/2024\/04\/image-50-300x68.png 300w, https:\/\/radiostudiow.com.br\/site\/wp-content\/uploads\/2024\/04\/image-50-768x175.png 768w\" sizes=\"auto, (max-width: 897px) 100vw, 897px\" \/><\/figure>\n\n\n\n<p>A condutora da moto de 35 anos sofreu ferimentos leves. Ela recebeu atendimento dos bombeiros e foi levada ao Pronto Atendimento Municipal.<\/p>\n\n\n\n<p>A Guarda Municipal prestou apoio na sinaliza\u00e7\u00e3o do tr\u00e2nsito. Houve interdi\u00e7\u00e3o parcial da rodovia, que seguiu no sistema pare e siga em fun\u00e7\u00e3o do acidente.<\/p>\n","protected":false},"excerpt":{"rendered":"<p>Uma mulher ficou ferida em um acidente entre uma motocicleta Honda CB e um Fiat Palio na BR-153, em Irati, na manha desta ter\u00e7a-feira (20). A condutora da moto de 35 anos sofreu ferimentos leves. Ela recebeu atendimento dos bombeiros e foi levada ao Pronto Atendimento Municipal. A Guarda Municipal prestou apoio na sinaliza\u00e7\u00e3o do [&hellip;]<\/p>\n","protected":false},"author":2,"featured_media":26282,"comment_status":"open","ping_status":"open","sticky":false,"template":"","format":"standard","meta":{"footnotes":""},"categories":[185],"tags":[172],"class_list":["post-26280","post","type-post","status-publish","format-standard","has-post-thumbnail","hentry","category-regional","tag-featured"],"amp_enabled":true,"_links":{"self":[{"href":"https:\/\/radiostudiow.com.br\/site\/wp-json\/wp\/v2\/posts\/26280","targetHints":{"allow":["GET"]}}],"collection":[{"href":"https:\/\/radiostudiow.com.br\/site\/wp-json\/wp\/v2\/posts"}],"about":[{"href":"https:\/\/radiostudiow.com.br\/site\/wp-json\/wp\/v2\/types\/post"}],"author":[{"embeddable":true,"href":"https:\/\/radiostudiow.com.br\/site\/wp-json\/wp\/v2\/users\/2"}],"replies":[{"embeddable":true,"href":"https:\/\/radiostudiow.com.br\/site\/wp-json\/wp\/v2\/comments?post=26280"}],"version-history":[{"count":1,"href":"https:\/\/radiostudiow.com.br\/site\/wp-json\/wp\/v2\/posts\/26280\/revisions"}],"predecessor-version":[{"id":26283,"href":"https:\/\/radiostudiow.com.br\/site\/wp-json\/wp\/v2\/posts\/26280\/revisions\/26283"}],"wp:featuredmedia":[{"embeddable":true,"href":"https:\/\/radiostudiow.com.br\/site\/wp-json\/wp\/v2\/media\/26282"}],"wp:attachment":[{"href":"https:\/\/radiostudiow.com.br\/site\/wp-json\/wp\/v2\/media?parent=26280"}],"wp:term":[{"taxonomy":"category","embeddable":true,"href":"https:\/\/radiostudiow.com.br\/site\/wp-json\/wp\/v2\/categories?post=26280"},{"taxonomy":"post_tag","embeddable":true,"href":"https:\/\/radiostudiow.com.br\/site\/wp-json\/wp\/v2\/tags?post=26280"}],"curies":[{"name":"wp","href":"https:\/\/api.w.org\/{rel}","templated":true}]}}