{"id":26285,"date":"2024-08-22T10:35:57","date_gmt":"2024-08-22T13:35:57","guid":{"rendered":"https:\/\/radiostudiow.com.br\/site\/?p=26285"},"modified":"2025-01-31T14:58:59","modified_gmt":"2025-01-31T17:58:59","slug":"homem-e-encontrado-em-obito-na-sua-residencia-em-antonio-olinto","status":"publish","type":"post","link":"https:\/\/radiostudiow.com.br\/site\/2024\/08\/22\/homem-e-encontrado-em-obito-na-sua-residencia-em-antonio-olinto\/","title":{"rendered":"Homem \u00e9 encontrado em \u00f3bito na sua resid\u00eancia em Ant\u00f4nio Olinto"},"content":{"rendered":"\n<p>Um homem, identificado como Gilson Carlos de Carvalho 67 anos (idade a confirmar), foi encontrado morto na madrugada desta quarta-feira, 21 de agosto, na Localidade do Imbuial de Baixo pr\u00f3ximo a BR 476 na \u00e1rea rural do munic\u00edpio de Ant\u00f4nio Olinto.<\/p>\n\n\n\n<figure class=\"wp-block-image size-full\"><img loading=\"lazy\" decoding=\"async\" width=\"897\" height=\"204\" src=\"https:\/\/radiostudiow.com.br\/site\/wp-content\/uploads\/2024\/08\/TIJOLAO.png\" alt=\"\" class=\"wp-image-25951\" srcset=\"https:\/\/radiostudiow.com.br\/site\/wp-content\/uploads\/2024\/08\/TIJOLAO.png 897w, https:\/\/radiostudiow.com.br\/site\/wp-content\/uploads\/2024\/08\/TIJOLAO-300x68.png 300w, https:\/\/radiostudiow.com.br\/site\/wp-content\/uploads\/2024\/08\/TIJOLAO-768x175.png 768w\" sizes=\"auto, (max-width: 897px) 100vw, 897px\" \/><\/figure>\n\n\n\n<p>Um homem compareceu ao destacamento da Pol\u00edcial Militar relatou que um senhor poderia estar possivelmente em \u00f3bito no interior de sua resid\u00eancia.<\/p>\n\n\n\n<p>A equipe policial se deslocou at\u00e9 o local por volta das 02:30 horas, e verificou que havia algumas pessoas no p\u00e1tio e a resid\u00eancia se encontrava fechada.<\/p>\n\n\n\n<p>A equipe entrou na casa e verificou que em um dos c\u00f4modos estava com a porta trancada e com forte odor. Posteriormente constatado uma v\u00edtima em \u00f3bito em cima da cama em avan\u00e7ado estado de decomposi\u00e7\u00e3o.<\/p>\n\n\n\n<figure class=\"wp-block-image size-full\"><img loading=\"lazy\" decoding=\"async\" width=\"300\" height=\"180\" src=\"https:\/\/radiostudiow.com.br\/site\/wp-content\/uploads\/2024\/04\/SITE-PEQUENO-1.png\" alt=\"\" class=\"wp-image-21868\"\/><\/figure>\n\n\n\n<p>A equipe da Pol\u00edcia Civil de S\u00e3o Mateus do Sul e o  IML de Uni\u00e3o da Vit\u00f3ria foram acionadod para recolher o corpo e investigar a causa da morte.<\/p>\n\n\n\n<p>Segundo relatos de vizinhos, a \u00faltima vez qua a v\u00edtima havia sido vista foi no domingo, 18 de agosto de 2024. De acordo com as informa\u00e7\u00f5es policiais, o homem morreu a pelo menos dois dias.<\/p>\n","protected":false},"excerpt":{"rendered":"<p>Um homem, identificado como Gilson Carlos de Carvalho 67 anos (idade a confirmar), foi encontrado morto na madrugada desta quarta-feira, 21 de agosto, na Localidade do Imbuial de Baixo pr\u00f3ximo a BR 476 na \u00e1rea rural do munic\u00edpio de Ant\u00f4nio Olinto. Um homem compareceu ao destacamento da Pol\u00edcial Militar relatou que um senhor poderia estar [&hellip;]<\/p>\n","protected":false},"author":2,"featured_media":18425,"comment_status":"open","ping_status":"open","sticky":false,"template":"","format":"standard","meta":{"footnotes":""},"categories":[185],"tags":[172],"class_list":["post-26285","post","type-post","status-publish","format-standard","has-post-thumbnail","hentry","category-regional","tag-featured"],"amp_enabled":true,"_links":{"self":[{"href":"https:\/\/radiostudiow.com.br\/site\/wp-json\/wp\/v2\/posts\/26285","targetHints":{"allow":["GET"]}}],"collection":[{"href":"https:\/\/radiostudiow.com.br\/site\/wp-json\/wp\/v2\/posts"}],"about":[{"href":"https:\/\/radiostudiow.com.br\/site\/wp-json\/wp\/v2\/types\/post"}],"author":[{"embeddable":true,"href":"https:\/\/radiostudiow.com.br\/site\/wp-json\/wp\/v2\/users\/2"}],"replies":[{"embeddable":true,"href":"https:\/\/radiostudiow.com.br\/site\/wp-json\/wp\/v2\/comments?post=26285"}],"version-history":[{"count":3,"href":"https:\/\/radiostudiow.com.br\/site\/wp-json\/wp\/v2\/posts\/26285\/revisions"}],"predecessor-version":[{"id":26291,"href":"https:\/\/radiostudiow.com.br\/site\/wp-json\/wp\/v2\/posts\/26285\/revisions\/26291"}],"wp:featuredmedia":[{"embeddable":true,"href":"https:\/\/radiostudiow.com.br\/site\/wp-json\/wp\/v2\/media\/18425"}],"wp:attachment":[{"href":"https:\/\/radiostudiow.com.br\/site\/wp-json\/wp\/v2\/media?parent=26285"}],"wp:term":[{"taxonomy":"category","embeddable":true,"href":"https:\/\/radiostudiow.com.br\/site\/wp-json\/wp\/v2\/categories?post=26285"},{"taxonomy":"post_tag","embeddable":true,"href":"https:\/\/radiostudiow.com.br\/site\/wp-json\/wp\/v2\/tags?post=26285"}],"curies":[{"name":"wp","href":"https:\/\/api.w.org\/{rel}","templated":true}]}}