{"id":26319,"date":"2024-08-22T11:39:56","date_gmt":"2024-08-22T14:39:56","guid":{"rendered":"https:\/\/radiostudiow.com.br\/site\/?p=26319"},"modified":"2025-01-31T14:58:59","modified_gmt":"2025-01-31T17:58:59","slug":"der-publica-edital-para-recuperar-danos-em-rodovia-de-bituruna","status":"publish","type":"post","link":"https:\/\/radiostudiow.com.br\/site\/2024\/08\/22\/der-publica-edital-para-recuperar-danos-em-rodovia-de-bituruna\/","title":{"rendered":"DER publica edital para recuperar danos em rodovia de Bituruna"},"content":{"rendered":"\n<p>O Departamento de Estradas de Rodagem do Paran\u00e1 (DER\/PR), autarquia da Secretaria de Infraestrutura e Log\u00edstica (SEIL), est\u00e1 licitando a obra de recupera\u00e7\u00e3o de danos causados pelas chuvas do ano passado na PR-170 em Bituruna, na regi\u00e3o Sul do Estado.\u00a0S\u00e3o servi\u00e7os de conten\u00e7\u00e3o e estabiliza\u00e7\u00e3o de taludes, recomposi\u00e7\u00e3o de pista e mitiga\u00e7\u00e3o dos danos ambientais causados pelo escorregamento de materiais.<\/p>\n\n\n\n<figure class=\"wp-block-image size-full\"><img decoding=\"async\" src=\"https:\/\/radiostudiow.com.br\/site\/wp-content\/uploads\/2024\/04\/image-47.png\" alt=\"\" class=\"wp-image-21404\"\/><\/figure>\n\n\n\n<p>A obra vai atender seis pontos danificados na rodovia, todos pr\u00f3ximos \u00e0 Usina Governador Bento Munhoz da Rocha Netto, entre o km 473,084 e o km 487,840, com servi\u00e7os espec\u00edficos para cada um, de acordo com estudo t\u00e9cnico preliminar elaborado pelo DER\/PR.<\/p>\n\n\n\n<p>O&nbsp;<strong><a href=\"https:\/\/www.gms.pr.gov.br\/arquivos\/edital\/2024\/anexo_edital_24168_248380.pdf\" target=\"_blank\" rel=\"noreferrer noopener\">edital<\/a><\/strong>&nbsp;utiliza a modalidade concorr\u00eancia eletr\u00f4nica com regime de contrata\u00e7\u00e3o integrada, que prev\u00ea a elabora\u00e7\u00e3o do projeto da obra e execu\u00e7\u00e3o dos servi\u00e7os em uma mesma empreitada. A sess\u00e3o de disputas da licita\u00e7\u00e3o est\u00e1 marcada para o dia 8 de novembro, no portal de compras do governo federal, o&nbsp;<strong><a href=\"https:\/\/www.gov.br\/compras\/pt-br\/\" target=\"_blank\" rel=\"noreferrer noopener\">Compras.gov<\/a><\/strong>.<\/p>\n\n\n\n<p>Est\u00e1 prevista a realiza\u00e7\u00e3o de sondagens e ensaios geot\u00e9cnicos, a elabora\u00e7\u00e3o de projeto b\u00e1sico e projeto executivo de engenharia, que devem confirmar as solu\u00e7\u00f5es, ou oferecer op\u00e7\u00f5es ainda melhores para corre\u00e7\u00e3o dos danos, seguida pela constru\u00e7\u00e3o de estruturas de conten\u00e7\u00e3o, trabalhos de pavimenta\u00e7\u00e3o, implanta\u00e7\u00e3o de novos dispositivos de drenagem, sinaliza\u00e7\u00e3o horizontal e vertical, e servi\u00e7os complementares, como plantio de grama nos espa\u00e7os pr\u00f3ximos \u00e0 pista, entre outros.<\/p>\n\n\n\n<p>O prazo de execu\u00e7\u00e3o, ap\u00f3s licita\u00e7\u00e3o e contrato assinado, \u00e9 de 455 dias, sendo 90 dias para estudos e projetos, e 365 para os trabalhos no trecho. O or\u00e7amento da obra \u00e9 sigiloso, visando garantir que as empresas interessadas estudem cuidadosamente o edital e seus anexos para preparar uma proposta de pre\u00e7os.<\/p>\n\n\n\n<figure class=\"wp-block-image size-full\"><img loading=\"lazy\" decoding=\"async\" width=\"720\" height=\"480\" src=\"https:\/\/radiostudiow.com.br\/site\/wp-content\/uploads\/2024\/08\/image-31.png\" alt=\"\" class=\"wp-image-26321\" srcset=\"https:\/\/radiostudiow.com.br\/site\/wp-content\/uploads\/2024\/08\/image-31.png 720w, https:\/\/radiostudiow.com.br\/site\/wp-content\/uploads\/2024\/08\/image-31-300x200.png 300w\" sizes=\"auto, (max-width: 720px) 100vw, 720px\" \/><\/figure>\n\n\n\n<p><strong>PONTOS&nbsp;<\/strong>\u2013 No ponto 01, que fica no km 487,840, ser\u00e1 feito o retaludamento com material rochoso, e uma chave granular na base do talude, para maior estabilidade. No ponto 02, km 486,201, al\u00e9m do retaludamento ser\u00e1 recomposto e aprimorado o sistema de drenagem danificado pelas chuvas.<\/p>\n\n\n\n<p>Nos pontos 03, 04 e 05, km 484,542, km 478,841 e km 474,107, respectivamente, ser\u00e1 estabilizado o talude com muros de gabi\u00e3o. Por \u00faltimo, no ponto 06, km 473,084, ser\u00e1 feito o retaludamento com material rochoso e a chave granular, e tamb\u00e9m instalada tela met\u00e1lica de alta resist\u00eancia.<\/p>\n\n\n\n<p><strong>CHUVAS<\/strong>&nbsp;\u2013 A rodovia sofreu v\u00e1rios danos devido ao excesso de chuvas na regi\u00e3o de Bituruna. Somente em outubro de 2023 foi registrada precipita\u00e7\u00e3o m\u00e1xima de 564,77 mil\u00edmetros, superando o registro hist\u00f3rico para este m\u00eas de quase 30 anos. Com isso aconteceu o encharcamento do solo e sobrecarga do sistema de drenagem de \u00e1guas, levando aos danos nesses seis pontos.<\/p>\n\n\n\n<figure class=\"wp-block-image size-large\"><img loading=\"lazy\" decoding=\"async\" width=\"1024\" height=\"390\" src=\"https:\/\/radiostudiow.com.br\/site\/wp-content\/uploads\/2024\/06\/449383450_900410565459867_7398886830294326458_n-1024x390.png\" alt=\"\" class=\"wp-image-24042\" srcset=\"https:\/\/radiostudiow.com.br\/site\/wp-content\/uploads\/2024\/06\/449383450_900410565459867_7398886830294326458_n-1024x390.png 1024w, https:\/\/radiostudiow.com.br\/site\/wp-content\/uploads\/2024\/06\/449383450_900410565459867_7398886830294326458_n-300x114.png 300w, https:\/\/radiostudiow.com.br\/site\/wp-content\/uploads\/2024\/06\/449383450_900410565459867_7398886830294326458_n-768x292.png 768w, https:\/\/radiostudiow.com.br\/site\/wp-content\/uploads\/2024\/06\/449383450_900410565459867_7398886830294326458_n-1536x584.png 1536w, https:\/\/radiostudiow.com.br\/site\/wp-content\/uploads\/2024\/06\/449383450_900410565459867_7398886830294326458_n-2048x779.png 2048w\" sizes=\"auto, (max-width: 1024px) 100vw, 1024px\" \/><\/figure>\n\n\n\n<p>A rodovia j\u00e1 havia passado por reformas ap\u00f3s danos causados pelas chuvas no final de 2022, em dois pontos, no km 473 e km 487. Na ocasi\u00e3o foram recuperados os taludes e implantados sistemas de drenagem para lidar com as chuvas ent\u00e3o registradas, de 305 mil\u00edmetros no m\u00eas de outubro, quase metade da chuva que caiu um ano depois, voltando a danificar os pontos recuperados.<\/p>\n","protected":false},"excerpt":{"rendered":"<p>O Departamento de Estradas de Rodagem do Paran\u00e1 (DER\/PR), autarquia da Secretaria de Infraestrutura e Log\u00edstica (SEIL), est\u00e1 licitando a obra de recupera\u00e7\u00e3o de danos causados pelas chuvas do ano passado na PR-170 em Bituruna, na regi\u00e3o Sul do Estado.\u00a0S\u00e3o servi\u00e7os de conten\u00e7\u00e3o e estabiliza\u00e7\u00e3o de taludes, recomposi\u00e7\u00e3o de pista e mitiga\u00e7\u00e3o dos danos ambientais [&hellip;]<\/p>\n","protected":false},"author":2,"featured_media":26320,"comment_status":"open","ping_status":"open","sticky":false,"template":"","format":"standard","meta":{"footnotes":""},"categories":[185],"tags":[172],"class_list":["post-26319","post","type-post","status-publish","format-standard","has-post-thumbnail","hentry","category-regional","tag-featured"],"amp_enabled":true,"_links":{"self":[{"href":"https:\/\/radiostudiow.com.br\/site\/wp-json\/wp\/v2\/posts\/26319","targetHints":{"allow":["GET"]}}],"collection":[{"href":"https:\/\/radiostudiow.com.br\/site\/wp-json\/wp\/v2\/posts"}],"about":[{"href":"https:\/\/radiostudiow.com.br\/site\/wp-json\/wp\/v2\/types\/post"}],"author":[{"embeddable":true,"href":"https:\/\/radiostudiow.com.br\/site\/wp-json\/wp\/v2\/users\/2"}],"replies":[{"embeddable":true,"href":"https:\/\/radiostudiow.com.br\/site\/wp-json\/wp\/v2\/comments?post=26319"}],"version-history":[{"count":1,"href":"https:\/\/radiostudiow.com.br\/site\/wp-json\/wp\/v2\/posts\/26319\/revisions"}],"predecessor-version":[{"id":26322,"href":"https:\/\/radiostudiow.com.br\/site\/wp-json\/wp\/v2\/posts\/26319\/revisions\/26322"}],"wp:featuredmedia":[{"embeddable":true,"href":"https:\/\/radiostudiow.com.br\/site\/wp-json\/wp\/v2\/media\/26320"}],"wp:attachment":[{"href":"https:\/\/radiostudiow.com.br\/site\/wp-json\/wp\/v2\/media?parent=26319"}],"wp:term":[{"taxonomy":"category","embeddable":true,"href":"https:\/\/radiostudiow.com.br\/site\/wp-json\/wp\/v2\/categories?post=26319"},{"taxonomy":"post_tag","embeddable":true,"href":"https:\/\/radiostudiow.com.br\/site\/wp-json\/wp\/v2\/tags?post=26319"}],"curies":[{"name":"wp","href":"https:\/\/api.w.org\/{rel}","templated":true}]}}