{"id":26323,"date":"2024-08-22T11:44:33","date_gmt":"2024-08-22T14:44:33","guid":{"rendered":"https:\/\/radiostudiow.com.br\/site\/?p=26323"},"modified":"2025-01-31T14:58:59","modified_gmt":"2025-01-31T17:58:59","slug":"inscricoes-para-pss-da-educacao-sao-prorrogadas-ate-o-dia-26-de-agosto","status":"publish","type":"post","link":"https:\/\/radiostudiow.com.br\/site\/2024\/08\/22\/inscricoes-para-pss-da-educacao-sao-prorrogadas-ate-o-dia-26-de-agosto\/","title":{"rendered":"Inscri\u00e7\u00f5es para PSS da Educa\u00e7\u00e3o s\u00e3o prorrogadas at\u00e9 o dia 26 de agosto"},"content":{"rendered":"\n<p><em>A Secretaria de Estado da Educa\u00e7\u00e3o do Paran\u00e1 (Seed) prorrogou as inscri\u00e7\u00f5es para o\u00a0Processo Seletivo Simplificado (PSS) para contrata\u00e7\u00e3o de professores na rede estadual.\u00a0O prazo final agora \u00e9 16h da pr\u00f3xima segunda-feira (26). Da mesma forma, a data-limite para pagamento da taxa tamb\u00e9m foi estendida em uma semana, at\u00e9 \u00e0s 20h do dia 26. As inscri\u00e7\u00f5es devem ser feitas pelo\u00a0<a href=\"https:\/\/www.institutoconsulplan.org.br\/getConc.aspx?key=dFEfPNy9xNc=\" target=\"_blank\" rel=\"noreferrer noopener\">site\u00a0do Instituto Consulplan<\/a>.<\/em><\/p>\n\n\n\n<figure class=\"wp-block-image size-full\"><img loading=\"lazy\" decoding=\"async\" width=\"897\" height=\"204\" src=\"https:\/\/radiostudiow.com.br\/site\/wp-content\/uploads\/2024\/04\/image-37.png\" alt=\"\" class=\"wp-image-21305\" srcset=\"https:\/\/radiostudiow.com.br\/site\/wp-content\/uploads\/2024\/04\/image-37.png 897w, https:\/\/radiostudiow.com.br\/site\/wp-content\/uploads\/2024\/04\/image-37-300x68.png 300w, https:\/\/radiostudiow.com.br\/site\/wp-content\/uploads\/2024\/04\/image-37-768x175.png 768w\" sizes=\"auto, (max-width: 897px) 100vw, 897px\" \/><\/figure>\n\n\n\n<p>O Edital n\u00ba 73\/2024 valer\u00e1 para 2025 e poder\u00e1 ser prorrogado para 2026. Do \u00faltimo PSS de professores, de 2023, cerca de 39 mil profissionais foram contratados para trabalhar na rede estadual de ensino at\u00e9 o momento. As inscri\u00e7\u00f5es podem ser feitas para vagas na Educa\u00e7\u00e3o B\u00e1sica e\/ou Educa\u00e7\u00e3o Profissional, de acordo com as normas estabelecidas no edital. A taxa da inscri\u00e7\u00e3o \u00e9 de R$ 62 para o candidato que efetuar apenas uma inscri\u00e7\u00e3o, e o valor ser\u00e1 de R$ 82 para realizar duas inscri\u00e7\u00f5es.<\/p>\n\n\n\n<p>O processo seletivo ter\u00e1 uma prova objetiva, de car\u00e1ter classificat\u00f3rio e eliminat\u00f3rio, al\u00e9m de provas de t\u00edtulos e pr\u00e1tica, que envolve um plano de aula, ambas classificat\u00f3rias. As vagas para os professores s\u00e3o de at\u00e9 40 horas semanais e a remunera\u00e7\u00e3o pode chegar a R$ 6.158,04 (incluindo gratifica\u00e7\u00e3o e vale-transporte). Tamb\u00e9m ser\u00e3o ofertadas vagas para Professor de Apoio \u00e0 Comunica\u00e7\u00e3o Alternativa (PAC) e Professor de Apoio Educacional Especializado (PAEE).<\/p>\n\n\n\n<p><strong><em>\u201cEssa \u00e9 mais uma oportunidade que o Estado promove para a inser\u00e7\u00e3o de profissionais da educa\u00e7\u00e3o interessados em atuar na rede estadual\u201d,<\/em><\/strong> afirma o secret\u00e1rio de Estado da Educa\u00e7\u00e3o, Roni Miranda.<\/p>\n\n\n\n<figure class=\"wp-block-image size-full\"><img loading=\"lazy\" decoding=\"async\" width=\"900\" height=\"408\" src=\"https:\/\/radiostudiow.com.br\/site\/wp-content\/uploads\/2024\/04\/image-21.png\" alt=\"\" class=\"wp-image-21214\" srcset=\"https:\/\/radiostudiow.com.br\/site\/wp-content\/uploads\/2024\/04\/image-21.png 900w, https:\/\/radiostudiow.com.br\/site\/wp-content\/uploads\/2024\/04\/image-21-300x136.png 300w, https:\/\/radiostudiow.com.br\/site\/wp-content\/uploads\/2024\/04\/image-21-768x348.png 768w\" sizes=\"auto, (max-width: 900px) 100vw, 900px\" \/><\/figure>\n\n\n\n<p>As provas objetivas ser\u00e3o aplicadas no dia 29 de setembro nos munic\u00edpios de Apucarana, Assis Chateaubriand, Campo Mour\u00e3o, Cascavel, Cianorte, Corn\u00e9lio Proc\u00f3pio, Curitiba, Dois Vizinhos, Foz do Igua\u00e7u, Francisco Beltr\u00e3o, Goioer\u00ea, Guarapuava, Ibaiti, Irati, Ivaipor\u00e3, Jacarezinho, Laranjeiras do Sul, Loanda, Londrina, Maring\u00e1, Paranagu\u00e1, Paranava\u00ed, Pato Branco, Pitanga, Ponta Grossa, Tel\u00eamaco Borba, Toledo, Umuarama, Uni\u00e3o da Vit\u00f3ria e Wenceslau Braz. A classifica\u00e7\u00e3o final dever\u00e1 ser divulgada a partir do dia 09 de dezembro.<\/p>\n\n\n\n<p>A convoca\u00e7\u00e3o ser\u00e1 realizada em duas fases, que podem ocorrer de forma separada ou simultaneamente. Elas est\u00e3o relacionadas \u00e0 comprova\u00e7\u00e3o de documentos informados na inscri\u00e7\u00e3o e a contrata\u00e7\u00e3o estar\u00e1 condicionada \u00e0 exist\u00eancia de vaga.<\/p>\n\n\n\n<p><strong>PROVA&nbsp;<\/strong>\u2013 Com a prorroga\u00e7\u00e3o das inscri\u00e7\u00f5es, a divulga\u00e7\u00e3o da rela\u00e7\u00e3o provis\u00f3ria de inscri\u00e7\u00f5es ser\u00e1 no dia 4 de setembro e a consulta dos locais de prova, no dia 23. J\u00e1 as provas objetivas, para a(s) disciplina(s)\/\u00e1rea(s) escolhida(s), ser\u00e3o aplicadas simultaneamente nos munic\u00edpios-sede dos NREs no dia 29 de setembro, com a divulga\u00e7\u00e3o dos gabaritos oficiais preliminares no dia seguinte.<\/p>\n\n\n\n<p>Os requisitos m\u00ednimos para cada fun\u00e7\u00e3o, todas as op\u00e7\u00f5es de disciplinas\/\u00e1reas e mais detalhes deste PSS est\u00e3o dispon\u00edveis no&nbsp;<a href=\"https:\/\/www.educacao.pr.gov.br\/pss\" target=\"_blank\" rel=\"noreferrer noopener\">edital no site da SEED.<\/a><\/p>\n","protected":false},"excerpt":{"rendered":"<p>A Secretaria de Estado da Educa\u00e7\u00e3o do Paran\u00e1 (Seed) prorrogou as inscri\u00e7\u00f5es para o\u00a0Processo Seletivo Simplificado (PSS) para contrata\u00e7\u00e3o de professores na rede estadual.\u00a0O prazo final agora \u00e9 16h da pr\u00f3xima segunda-feira (26). Da mesma forma, a data-limite para pagamento da taxa tamb\u00e9m foi estendida em uma semana, at\u00e9 \u00e0s 20h do dia 26. As [&hellip;]<\/p>\n","protected":false},"author":2,"featured_media":26324,"comment_status":"open","ping_status":"open","sticky":false,"template":"","format":"standard","meta":{"footnotes":""},"categories":[7],"tags":[172],"class_list":["post-26323","post","type-post","status-publish","format-standard","has-post-thumbnail","hentry","category-geral","tag-featured"],"amp_enabled":true,"_links":{"self":[{"href":"https:\/\/radiostudiow.com.br\/site\/wp-json\/wp\/v2\/posts\/26323","targetHints":{"allow":["GET"]}}],"collection":[{"href":"https:\/\/radiostudiow.com.br\/site\/wp-json\/wp\/v2\/posts"}],"about":[{"href":"https:\/\/radiostudiow.com.br\/site\/wp-json\/wp\/v2\/types\/post"}],"author":[{"embeddable":true,"href":"https:\/\/radiostudiow.com.br\/site\/wp-json\/wp\/v2\/users\/2"}],"replies":[{"embeddable":true,"href":"https:\/\/radiostudiow.com.br\/site\/wp-json\/wp\/v2\/comments?post=26323"}],"version-history":[{"count":1,"href":"https:\/\/radiostudiow.com.br\/site\/wp-json\/wp\/v2\/posts\/26323\/revisions"}],"predecessor-version":[{"id":26325,"href":"https:\/\/radiostudiow.com.br\/site\/wp-json\/wp\/v2\/posts\/26323\/revisions\/26325"}],"wp:featuredmedia":[{"embeddable":true,"href":"https:\/\/radiostudiow.com.br\/site\/wp-json\/wp\/v2\/media\/26324"}],"wp:attachment":[{"href":"https:\/\/radiostudiow.com.br\/site\/wp-json\/wp\/v2\/media?parent=26323"}],"wp:term":[{"taxonomy":"category","embeddable":true,"href":"https:\/\/radiostudiow.com.br\/site\/wp-json\/wp\/v2\/categories?post=26323"},{"taxonomy":"post_tag","embeddable":true,"href":"https:\/\/radiostudiow.com.br\/site\/wp-json\/wp\/v2\/tags?post=26323"}],"curies":[{"name":"wp","href":"https:\/\/api.w.org\/{rel}","templated":true}]}}