{"id":26340,"date":"2024-08-23T09:56:54","date_gmt":"2024-08-23T12:56:54","guid":{"rendered":"https:\/\/radiostudiow.com.br\/site\/?p=26340"},"modified":"2025-01-31T14:58:59","modified_gmt":"2025-01-31T17:58:59","slug":"sicredi-ultrapassa-marca-de-r-40-bi-em-carteira-de-consorcios-com-crescimento-de-vendas-acima-do-mercado","status":"publish","type":"post","link":"https:\/\/radiostudiow.com.br\/site\/2024\/08\/23\/sicredi-ultrapassa-marca-de-r-40-bi-em-carteira-de-consorcios-com-crescimento-de-vendas-acima-do-mercado\/","title":{"rendered":"Sicredi ultrapassa marca de R$ 40 bi em carteira de cons\u00f3rcios, com crescimento de vendas acima do mercado"},"content":{"rendered":"\n<p><em>Venda de novas cotas aumentou de 33% na institui\u00e7\u00e3o, superou os 21% do mercado em 12 meses, tendo como destaques cons\u00f3rcios de im\u00f3veis e ve\u00edculos leves<\/em>.<\/p>\n\n\n\n<figure class=\"wp-block-image size-full\"><img loading=\"lazy\" decoding=\"async\" width=\"897\" height=\"204\" src=\"https:\/\/radiostudiow.com.br\/site\/wp-content\/uploads\/2024\/04\/image-37.png\" alt=\"\" class=\"wp-image-21305\" srcset=\"https:\/\/radiostudiow.com.br\/site\/wp-content\/uploads\/2024\/04\/image-37.png 897w, https:\/\/radiostudiow.com.br\/site\/wp-content\/uploads\/2024\/04\/image-37-300x68.png 300w, https:\/\/radiostudiow.com.br\/site\/wp-content\/uploads\/2024\/04\/image-37-768x175.png 768w\" sizes=\"auto, (max-width: 897px) 100vw, 897px\" \/><\/figure>\n\n\n\n<p>O Sicredi, institui\u00e7\u00e3o financeira cooperativa com mais de 8 milh\u00f5es de associados e atua\u00e7\u00e3o em todo o Brasil, ultrapassou&nbsp;R$ 40 bilh\u00f5es em sua carteira de cons\u00f3rcios, o que significa um crescimento de 33% em um ano. Os cons\u00f3rcios integram o portf\u00f3lio de cerca de 300 servi\u00e7os financeiros e n\u00e3o financeiros oferecidos pela institui\u00e7\u00e3o a seus associados.<\/p>\n\n\n\n<p>O Superintendente de Cons\u00f3rcios do Sicredi, Felipe Sessin e Silva, aponta como motivos para a expans\u00e3o da venda de cons\u00f3rcios uma adequa\u00e7\u00e3o cada vez mais apurada do servi\u00e7o oferecido pela institui\u00e7\u00e3o ao perfil e necessidades do associado.<em> <strong>\u201cCom isso, nossas vendas se tornaram ainda mais direcionadas e em linha com as demandas de quem adquire o cons\u00f3rcio. Outro fator de grande relev\u00e2ncia, que nos fez chegar \u00e0 marca dos R$ 40 bilh\u00f5es, \u00e9 a evolu\u00e7\u00e3o no atendimento ao segmento empresarial, que hoje representa 36% da nossa carteira de cons\u00f3rcios no Sicredi\u201d,<\/strong> ressaltou Felipe Sessin.<\/em><\/p>\n\n\n\n<div class=\"wp-block-media-text is-stacked-on-mobile\" style=\"grid-template-columns:37% auto\"><figure class=\"wp-block-media-text__media\"><img loading=\"lazy\" decoding=\"async\" width=\"683\" height=\"1024\" src=\"https:\/\/radiostudiow.com.br\/site\/wp-content\/uploads\/2024\/08\/Felipe-Sessin-Sicredi-683x1024.jpg\" alt=\"\" class=\"wp-image-26341 size-full\" srcset=\"https:\/\/radiostudiow.com.br\/site\/wp-content\/uploads\/2024\/08\/Felipe-Sessin-Sicredi-683x1024.jpg 683w, https:\/\/radiostudiow.com.br\/site\/wp-content\/uploads\/2024\/08\/Felipe-Sessin-Sicredi-200x300.jpg 200w, https:\/\/radiostudiow.com.br\/site\/wp-content\/uploads\/2024\/08\/Felipe-Sessin-Sicredi-768x1152.jpg 768w, https:\/\/radiostudiow.com.br\/site\/wp-content\/uploads\/2024\/08\/Felipe-Sessin-Sicredi-1024x1536.jpg 1024w, https:\/\/radiostudiow.com.br\/site\/wp-content\/uploads\/2024\/08\/Felipe-Sessin-Sicredi-1365x2048.jpg 1365w, https:\/\/radiostudiow.com.br\/site\/wp-content\/uploads\/2024\/08\/Felipe-Sessin-Sicredi-scaled.jpg 1707w\" sizes=\"auto, (max-width: 683px) 100vw, 683px\" \/><\/figure><div class=\"wp-block-media-text__content\">\n<p>Para o Superintendente de Cons\u00f3rcios do Sicredi, Felipe Sessin, um dos motivos da expans\u00e3o da venda de cons\u00f3rcios \u00e9 uma adequa\u00e7\u00e3o cada vez mais apurada do servi\u00e7o oferecido pela institui\u00e7\u00e3o<br><em>Cr\u00e9ditos: Divulga\u00e7\u00e3o\/Sicredi<\/em><\/p>\n<\/div><\/div>\n\n\n\n<p>Somente nos primeiros cinco meses de 2024, o valor atingido na venda de novas cotas foi de R$ 6,6 bilh\u00f5es, uma alta de 55,1% em rela\u00e7\u00e3o ao mesmo per\u00edodo de 2023. Esses valores superam o aumento m\u00e9dio do mercado no mesmo per\u00edodo que foi de 21%. Com R$ 2,9 bilh\u00f5es em vendas, o p\u00fablico pessoa jur\u00eddica registrou um crescimento de 64,6% em rela\u00e7\u00e3o aos cinco meses de 2023. O p\u00fablico respondeu por 62,5% de todas as vendas no segmento de ve\u00edculos pesados nesse per\u00edodo, as quais totalizaram R$ 1,9 bilh\u00e3o.<\/p>\n\n\n\n<p><strong><em>\u201cEntender as necessidades que podem ser atendidas por meio do cons\u00f3rcio e facilitar o acesso dos associados \u00e0s solu\u00e7\u00f5es \u00e9 uma busca constante e tem muita conex\u00e3o com nosso crescimento na opera\u00e7\u00e3o. Exemplo disso \u00e9 o cons\u00f3rcio de M\u00e1quinas e Equipamentos Industriais que lan\u00e7amos recentemente e permite aquisi\u00e7\u00f5es de at\u00e9 R$ 5 milh\u00f5es\u201d, <\/em><\/strong><em>explica Sessin.\u00a0<\/em><\/p>\n\n\n\n<p>De forma geral, entre os destaques do Sicredi em 2024 est\u00e3o os cons\u00f3rcios de im\u00f3veis que cresceram 75%, atingindo R$ 2,2 bilh\u00f5es em vendas, e de ve\u00edculos leves, expans\u00e3o de 68,7% em compara\u00e7\u00e3o aos cinco primeiros meses de 2023, totalizando R$ 2,3 bilh\u00f5es. Esses n\u00fameros tamb\u00e9m est\u00e3o acima da m\u00e9dia nacional do mercado no mesmo per\u00edodo, de 22,7% e 10,1% respectivamente.<\/p>\n\n\n\n<figure class=\"wp-block-image size-large\"><img loading=\"lazy\" decoding=\"async\" width=\"1024\" height=\"576\" src=\"https:\/\/radiostudiow.com.br\/site\/wp-content\/uploads\/2024\/05\/86140-nacional-tv-coops-comunicacao-interna-pos-campanha-de-educacao-financeira-2024-1024x576.png\" alt=\"\" class=\"wp-image-23031\" srcset=\"https:\/\/radiostudiow.com.br\/site\/wp-content\/uploads\/2024\/05\/86140-nacional-tv-coops-comunicacao-interna-pos-campanha-de-educacao-financeira-2024-1024x576.png 1024w, https:\/\/radiostudiow.com.br\/site\/wp-content\/uploads\/2024\/05\/86140-nacional-tv-coops-comunicacao-interna-pos-campanha-de-educacao-financeira-2024-300x169.png 300w, https:\/\/radiostudiow.com.br\/site\/wp-content\/uploads\/2024\/05\/86140-nacional-tv-coops-comunicacao-interna-pos-campanha-de-educacao-financeira-2024-768x432.png 768w, https:\/\/radiostudiow.com.br\/site\/wp-content\/uploads\/2024\/05\/86140-nacional-tv-coops-comunicacao-interna-pos-campanha-de-educacao-financeira-2024-1536x864.png 1536w, https:\/\/radiostudiow.com.br\/site\/wp-content\/uploads\/2024\/05\/86140-nacional-tv-coops-comunicacao-interna-pos-campanha-de-educacao-financeira-2024.png 1920w\" sizes=\"auto, (max-width: 1024px) 100vw, 1024px\" \/><\/figure>\n\n\n\n<p><em><strong>Sobre o Sicredi<\/strong><\/em><\/p>\n\n\n\n<p><em>O Sicredi \u00e9 uma institui\u00e7\u00e3o financeira cooperativa comprometida com o crescimento de seus associados e com o desenvolvimento das regi\u00f5es onde atua. Possui um modelo de gest\u00e3o que valoriza a participa\u00e7\u00e3o dos mais de 8 milh\u00f5es de associados, que exercem o papel de donos do neg\u00f3cio. Com mais de 2.700 ag\u00eancias, o Sicredi est\u00e1 presente fisicamente em todos os estados brasileiros e no Distrito Federal, disponibilizando uma gama completa de solu\u00e7\u00f5es financeiras e muito mais.<\/em><\/p>\n\n\n\n<p><em>Site do Sicredi:<\/em><a href=\"http:\/\/www.sicredi.com.br\/site\" target=\"_blank\" rel=\"noreferrer noopener\"><em>&nbsp;Clique aqui<\/em><\/a><\/p>\n","protected":false},"excerpt":{"rendered":"<p>Venda de novas cotas aumentou de 33% na institui\u00e7\u00e3o, superou os 21% do mercado em 12 meses, tendo como destaques cons\u00f3rcios de im\u00f3veis e ve\u00edculos leves. O Sicredi, institui\u00e7\u00e3o financeira cooperativa com mais de 8 milh\u00f5es de associados e atua\u00e7\u00e3o em todo o Brasil, ultrapassou&nbsp;R$ 40 bilh\u00f5es em sua carteira de cons\u00f3rcios, o que significa [&hellip;]<\/p>\n","protected":false},"author":2,"featured_media":16138,"comment_status":"open","ping_status":"open","sticky":false,"template":"","format":"standard","meta":{"footnotes":""},"categories":[7],"tags":[172],"class_list":["post-26340","post","type-post","status-publish","format-standard","has-post-thumbnail","hentry","category-geral","tag-featured"],"amp_enabled":true,"_links":{"self":[{"href":"https:\/\/radiostudiow.com.br\/site\/wp-json\/wp\/v2\/posts\/26340","targetHints":{"allow":["GET"]}}],"collection":[{"href":"https:\/\/radiostudiow.com.br\/site\/wp-json\/wp\/v2\/posts"}],"about":[{"href":"https:\/\/radiostudiow.com.br\/site\/wp-json\/wp\/v2\/types\/post"}],"author":[{"embeddable":true,"href":"https:\/\/radiostudiow.com.br\/site\/wp-json\/wp\/v2\/users\/2"}],"replies":[{"embeddable":true,"href":"https:\/\/radiostudiow.com.br\/site\/wp-json\/wp\/v2\/comments?post=26340"}],"version-history":[{"count":1,"href":"https:\/\/radiostudiow.com.br\/site\/wp-json\/wp\/v2\/posts\/26340\/revisions"}],"predecessor-version":[{"id":26342,"href":"https:\/\/radiostudiow.com.br\/site\/wp-json\/wp\/v2\/posts\/26340\/revisions\/26342"}],"wp:featuredmedia":[{"embeddable":true,"href":"https:\/\/radiostudiow.com.br\/site\/wp-json\/wp\/v2\/media\/16138"}],"wp:attachment":[{"href":"https:\/\/radiostudiow.com.br\/site\/wp-json\/wp\/v2\/media?parent=26340"}],"wp:term":[{"taxonomy":"category","embeddable":true,"href":"https:\/\/radiostudiow.com.br\/site\/wp-json\/wp\/v2\/categories?post=26340"},{"taxonomy":"post_tag","embeddable":true,"href":"https:\/\/radiostudiow.com.br\/site\/wp-json\/wp\/v2\/tags?post=26340"}],"curies":[{"name":"wp","href":"https:\/\/api.w.org\/{rel}","templated":true}]}}