{"id":26356,"date":"2024-08-23T11:02:05","date_gmt":"2024-08-23T14:02:05","guid":{"rendered":"https:\/\/radiostudiow.com.br\/site\/?p=26356"},"modified":"2025-01-31T14:58:59","modified_gmt":"2025-01-31T17:58:59","slug":"homem-morre-apos-acidente-causado-pelo-rompimento-de-uma-polia","status":"publish","type":"post","link":"https:\/\/radiostudiow.com.br\/site\/2024\/08\/23\/homem-morre-apos-acidente-causado-pelo-rompimento-de-uma-polia\/","title":{"rendered":"Homem morre ap\u00f3s acidente causado pelo rompimento de uma polia"},"content":{"rendered":"\n<p>A equipe da equipe da Pol\u00edcia Militar foi acionada para prestar apoio ao Servi\u00e7o de Atendimento M\u00f3vel de Urg\u00eancia (SAMU) em uma ocorr\u00eancia no bairro S\u00e3o Gabriel em Uni\u00e3o da Vit\u00f3ria por volta das 16:30 horas desta quinta-feira (22).<\/p>\n\n\n\n<figure class=\"wp-block-image size-full\"><img loading=\"lazy\" decoding=\"async\" width=\"598\" height=\"204\" src=\"https:\/\/radiostudiow.com.br\/site\/wp-content\/uploads\/2024\/04\/image-29.png\" alt=\"\" class=\"wp-image-21283\" srcset=\"https:\/\/radiostudiow.com.br\/site\/wp-content\/uploads\/2024\/04\/image-29.png 598w, https:\/\/radiostudiow.com.br\/site\/wp-content\/uploads\/2024\/04\/image-29-300x102.png 300w\" sizes=\"auto, (max-width: 598px) 100vw, 598px\" \/><\/figure>\n\n\n\n<p>Ao chegar ao local, a equipe do SAMU relatou que encontrou um homem com um grave ferimento na cabe\u00e7a, causado pelo rompimento de uma polia. Infelizmente, foi confirmado o \u00f3bito da v\u00edtima no local do acidente.<\/p>\n\n\n\n<p>Diante da situa\u00e7\u00e3o, a equipe policial registrou o boletim de ocorr\u00eancia e acionou os peritos da Criminal\u00edstica e o Instituto M\u00e9dico Legal (IML) para os procedimentos cab\u00edveis.<\/p>\n\n\n\n<p>As circunst\u00e2ncias do acidente est\u00e3o sendo investigadas pelas autoridades competentes.<\/p>\n","protected":false},"excerpt":{"rendered":"<p>A equipe da equipe da Pol\u00edcia Militar foi acionada para prestar apoio ao Servi\u00e7o de Atendimento M\u00f3vel de Urg\u00eancia (SAMU) em uma ocorr\u00eancia no bairro S\u00e3o Gabriel em Uni\u00e3o da Vit\u00f3ria por volta das 16:30 horas desta quinta-feira (22). Ao chegar ao local, a equipe do SAMU relatou que encontrou um homem com um grave [&hellip;]<\/p>\n","protected":false},"author":2,"featured_media":18425,"comment_status":"open","ping_status":"open","sticky":false,"template":"","format":"standard","meta":{"footnotes":""},"categories":[185],"tags":[172],"class_list":["post-26356","post","type-post","status-publish","format-standard","has-post-thumbnail","hentry","category-regional","tag-featured"],"amp_enabled":true,"_links":{"self":[{"href":"https:\/\/radiostudiow.com.br\/site\/wp-json\/wp\/v2\/posts\/26356","targetHints":{"allow":["GET"]}}],"collection":[{"href":"https:\/\/radiostudiow.com.br\/site\/wp-json\/wp\/v2\/posts"}],"about":[{"href":"https:\/\/radiostudiow.com.br\/site\/wp-json\/wp\/v2\/types\/post"}],"author":[{"embeddable":true,"href":"https:\/\/radiostudiow.com.br\/site\/wp-json\/wp\/v2\/users\/2"}],"replies":[{"embeddable":true,"href":"https:\/\/radiostudiow.com.br\/site\/wp-json\/wp\/v2\/comments?post=26356"}],"version-history":[{"count":1,"href":"https:\/\/radiostudiow.com.br\/site\/wp-json\/wp\/v2\/posts\/26356\/revisions"}],"predecessor-version":[{"id":26357,"href":"https:\/\/radiostudiow.com.br\/site\/wp-json\/wp\/v2\/posts\/26356\/revisions\/26357"}],"wp:featuredmedia":[{"embeddable":true,"href":"https:\/\/radiostudiow.com.br\/site\/wp-json\/wp\/v2\/media\/18425"}],"wp:attachment":[{"href":"https:\/\/radiostudiow.com.br\/site\/wp-json\/wp\/v2\/media?parent=26356"}],"wp:term":[{"taxonomy":"category","embeddable":true,"href":"https:\/\/radiostudiow.com.br\/site\/wp-json\/wp\/v2\/categories?post=26356"},{"taxonomy":"post_tag","embeddable":true,"href":"https:\/\/radiostudiow.com.br\/site\/wp-json\/wp\/v2\/tags?post=26356"}],"curies":[{"name":"wp","href":"https:\/\/api.w.org\/{rel}","templated":true}]}}