{"id":26366,"date":"2024-08-23T14:51:26","date_gmt":"2024-08-23T17:51:26","guid":{"rendered":"https:\/\/radiostudiow.com.br\/site\/?p=26366"},"modified":"2025-01-31T14:58:59","modified_gmt":"2025-01-31T17:58:59","slug":"municipio-irati-pr","status":"publish","type":"post","link":"https:\/\/radiostudiow.com.br\/site\/2024\/08\/23\/municipio-irati-pr\/","title":{"rendered":"Pol\u00edcia Ambiental desmancha cativeiro de p\u00e1ssaros silvestres em Irati"},"content":{"rendered":"\n<p>Em atendimento a den\u00fancia 181, policiais ambientais localizaram em uma resid\u00eancia no bairro Lagoa,<br>33 p\u00e1ssaros silvestres mantidos em cativeiro sem autoriza\u00e7\u00e3o do \u00f3rg\u00e3o ambiental competente, al\u00e9m de 2 armas de fogo e muni\u00e7\u00f5es irregulares. A opera\u00e7\u00e3o ocorreu nessa quinta-feira, 22 de agosto, em Irati.<\/p>\n\n\n\n<p>Diante dos fatos foi dado voz de pris\u00e3o ao respons\u00e1vel, encaminhado a delegacia da Pol\u00edcia Civil para procedimentos cab\u00edveis e autuado no valor de R$ 16.500,00.<\/p>\n\n\n\n<figure class=\"wp-block-image size-full\"><img loading=\"lazy\" decoding=\"async\" width=\"598\" height=\"204\" src=\"https:\/\/radiostudiow.com.br\/site\/wp-content\/uploads\/2024\/04\/image-39.png\" alt=\"\" class=\"wp-image-21311\" srcset=\"https:\/\/radiostudiow.com.br\/site\/wp-content\/uploads\/2024\/04\/image-39.png 598w, https:\/\/radiostudiow.com.br\/site\/wp-content\/uploads\/2024\/04\/image-39-300x102.png 300w\" sizes=\"auto, (max-width: 598px) 100vw, 598px\" \/><\/figure>\n\n\n\n<p>Apreens\u00e3o:<\/p>\n\n\n\n<p>01 espingarda cal. 22<br>01 garrucha cal 22<br>41 muni\u00e7\u00f5es Cal 22<\/p>\n\n\n\n<p>Al\u00e9m de 33 p\u00e1ssaros silvestres, sendo:<\/p>\n\n\n\n<p>16 Bico de pimenta<br>11 Trinca ferro<br>02 Azul\u00e3o<br>02 Coleirinha<br>01 Sanha\u00e7o Frade<br>01 Gaturamo<\/p>\n\n\n\n<figure class=\"wp-block-gallery has-nested-images columns-default is-cropped wp-block-gallery-1 is-layout-flex wp-block-gallery-is-layout-flex\">\n<figure class=\"wp-block-image size-large\"><img loading=\"lazy\" decoding=\"async\" width=\"769\" height=\"1024\" data-id=\"26381\" src=\"https:\/\/radiostudiow.com.br\/site\/wp-content\/uploads\/2024\/08\/83d77ad1-3ed1-4d32-8c17-724114fe6a3e-769x1024.jpeg\" alt=\"\" class=\"wp-image-26381\" srcset=\"https:\/\/radiostudiow.com.br\/site\/wp-content\/uploads\/2024\/08\/83d77ad1-3ed1-4d32-8c17-724114fe6a3e-769x1024.jpeg 769w, https:\/\/radiostudiow.com.br\/site\/wp-content\/uploads\/2024\/08\/83d77ad1-3ed1-4d32-8c17-724114fe6a3e-225x300.jpeg 225w, https:\/\/radiostudiow.com.br\/site\/wp-content\/uploads\/2024\/08\/83d77ad1-3ed1-4d32-8c17-724114fe6a3e-768x1023.jpeg 768w, https:\/\/radiostudiow.com.br\/site\/wp-content\/uploads\/2024\/08\/83d77ad1-3ed1-4d32-8c17-724114fe6a3e.jpeg 868w\" sizes=\"auto, (max-width: 769px) 100vw, 769px\" \/><\/figure>\n\n\n\n<figure class=\"wp-block-image size-large\"><img loading=\"lazy\" decoding=\"async\" width=\"1024\" height=\"768\" data-id=\"26379\" src=\"https:\/\/radiostudiow.com.br\/site\/wp-content\/uploads\/2024\/08\/989c81fa-93d9-42ea-a589-0091669e6a83-1024x768.jpeg\" alt=\"\" class=\"wp-image-26379\" srcset=\"https:\/\/radiostudiow.com.br\/site\/wp-content\/uploads\/2024\/08\/989c81fa-93d9-42ea-a589-0091669e6a83-1024x768.jpeg 1024w, https:\/\/radiostudiow.com.br\/site\/wp-content\/uploads\/2024\/08\/989c81fa-93d9-42ea-a589-0091669e6a83-300x225.jpeg 300w, https:\/\/radiostudiow.com.br\/site\/wp-content\/uploads\/2024\/08\/989c81fa-93d9-42ea-a589-0091669e6a83-768x576.jpeg 768w, https:\/\/radiostudiow.com.br\/site\/wp-content\/uploads\/2024\/08\/989c81fa-93d9-42ea-a589-0091669e6a83-1536x1152.jpeg 1536w, https:\/\/radiostudiow.com.br\/site\/wp-content\/uploads\/2024\/08\/989c81fa-93d9-42ea-a589-0091669e6a83.jpeg 1600w\" sizes=\"auto, (max-width: 1024px) 100vw, 1024px\" \/><\/figure>\n<\/figure>\n\n\n\n<blockquote class=\"wp-block-quote is-layout-flow wp-block-quote-is-layout-flow\">\n<p>POL\u00cdCIA MILITAR DO PARAN\u00c1<\/p>\n\n\n\n<p>&#8220;N\u00f3s fazemos a diferen\u00e7a&#8221;<\/p>\n<\/blockquote>\n","protected":false},"excerpt":{"rendered":"<p>Em atendimento a den\u00fancia 181, policiais ambientais localizaram em uma resid\u00eancia no bairro Lagoa,33 p\u00e1ssaros silvestres mantidos em cativeiro sem autoriza\u00e7\u00e3o do \u00f3rg\u00e3o ambiental competente, al\u00e9m de 2 armas de fogo e muni\u00e7\u00f5es irregulares. A opera\u00e7\u00e3o ocorreu nessa quinta-feira, 22 de agosto, em Irati. Diante dos fatos foi dado voz de pris\u00e3o ao respons\u00e1vel, encaminhado [&hellip;]<\/p>\n","protected":false},"author":2,"featured_media":26373,"comment_status":"open","ping_status":"open","sticky":false,"template":"","format":"standard","meta":{"footnotes":""},"categories":[2],"tags":[172],"class_list":["post-26366","post","type-post","status-publish","format-standard","has-post-thumbnail","hentry","category-policial","tag-featured"],"amp_enabled":true,"_links":{"self":[{"href":"https:\/\/radiostudiow.com.br\/site\/wp-json\/wp\/v2\/posts\/26366","targetHints":{"allow":["GET"]}}],"collection":[{"href":"https:\/\/radiostudiow.com.br\/site\/wp-json\/wp\/v2\/posts"}],"about":[{"href":"https:\/\/radiostudiow.com.br\/site\/wp-json\/wp\/v2\/types\/post"}],"author":[{"embeddable":true,"href":"https:\/\/radiostudiow.com.br\/site\/wp-json\/wp\/v2\/users\/2"}],"replies":[{"embeddable":true,"href":"https:\/\/radiostudiow.com.br\/site\/wp-json\/wp\/v2\/comments?post=26366"}],"version-history":[{"count":4,"href":"https:\/\/radiostudiow.com.br\/site\/wp-json\/wp\/v2\/posts\/26366\/revisions"}],"predecessor-version":[{"id":26388,"href":"https:\/\/radiostudiow.com.br\/site\/wp-json\/wp\/v2\/posts\/26366\/revisions\/26388"}],"wp:featuredmedia":[{"embeddable":true,"href":"https:\/\/radiostudiow.com.br\/site\/wp-json\/wp\/v2\/media\/26373"}],"wp:attachment":[{"href":"https:\/\/radiostudiow.com.br\/site\/wp-json\/wp\/v2\/media?parent=26366"}],"wp:term":[{"taxonomy":"category","embeddable":true,"href":"https:\/\/radiostudiow.com.br\/site\/wp-json\/wp\/v2\/categories?post=26366"},{"taxonomy":"post_tag","embeddable":true,"href":"https:\/\/radiostudiow.com.br\/site\/wp-json\/wp\/v2\/tags?post=26366"}],"curies":[{"name":"wp","href":"https:\/\/api.w.org\/{rel}","templated":true}]}}