{"id":26390,"date":"2024-08-23T17:55:11","date_gmt":"2024-08-23T20:55:11","guid":{"rendered":"https:\/\/radiostudiow.com.br\/site\/?p=26390"},"modified":"2025-01-31T14:58:59","modified_gmt":"2025-01-31T17:58:59","slug":"policia-civil-apreende-tres-adolescentes-em-sao-mateus-do-sul","status":"publish","type":"post","link":"https:\/\/radiostudiow.com.br\/site\/2024\/08\/23\/policia-civil-apreende-tres-adolescentes-em-sao-mateus-do-sul\/","title":{"rendered":"Pol\u00edcia Civil apreende tr\u00eas adolescentes em S\u00e3o Mateus do Sul"},"content":{"rendered":"\n<p>A equipe da Pol\u00edcia Civil apreendeu tr\u00eas adolescentes nesta quinta-feira, 22 de agosto, para internamento pela pr\u00e1tica de atos infracionais no munic\u00edpio de S\u00e3o Mateus do Sul.<\/p>\n\n\n\n<figure class=\"wp-block-image size-full\"><img loading=\"lazy\" decoding=\"async\" width=\"300\" height=\"180\" src=\"https:\/\/radiostudiow.com.br\/site\/wp-content\/uploads\/2024\/04\/SITE-PEQUENO-1.png\" alt=\"\" class=\"wp-image-21868\"\/><\/figure>\n\n\n\n<p>A a\u00e7\u00e3o ocorreu nesta semana e foi decorrente do cumprimento de tr\u00eas mandados de busca e apreens\u00e3o expedidos pelo Poder Judici\u00e1rio da Comarca de S\u00e3o Mateus do Sul. Ap\u00f3s a apreens\u00e3o, os adolescentes em conflito com a lei foram encaminhados para o CENSE (Centro de Socioeduca\u00e7\u00e3o), onde permanecer\u00e3o cumprindo sua medida de interna\u00e7\u00e3o.<\/p>\n\n\n\n<p>Dois dos adolescentes apreendidos praticaram ato infracional an\u00e1logo ao crime de homic\u00eddio tentado em junho de 2022, e o terceiro adolescente praticou ato infracional an\u00e1logo ao crime de roubo em uma farm\u00e1cia em janeiro de 2023.<\/p>\n\n\n\n<figure class=\"wp-block-image size-full\"><img loading=\"lazy\" decoding=\"async\" width=\"300\" height=\"180\" src=\"https:\/\/radiostudiow.com.br\/site\/wp-content\/uploads\/2024\/04\/image-26.png\" alt=\"\" class=\"wp-image-21279\"\/><\/figure>\n\n\n\n<p><strong>A Pol\u00edcia Civil solicita o apoio da popula\u00e7\u00e3o para novas den\u00fancias que auxiliem na localiza\u00e7\u00e3o de foragidos da justi\u00e7a. As den\u00fancias podem ser feitas de forma an\u00f4nima pelo 181.<\/strong><\/p>\n\n\n\n<p><em>Com informa\u00e7\u00f5es PCPR<\/em><\/p>\n","protected":false},"excerpt":{"rendered":"<p>A equipe da Pol\u00edcia Civil apreendeu tr\u00eas adolescentes nesta quinta-feira, 22 de agosto, para internamento pela pr\u00e1tica de atos infracionais no munic\u00edpio de S\u00e3o Mateus do Sul. A a\u00e7\u00e3o ocorreu nesta semana e foi decorrente do cumprimento de tr\u00eas mandados de busca e apreens\u00e3o expedidos pelo Poder Judici\u00e1rio da Comarca de S\u00e3o Mateus do Sul. [&hellip;]<\/p>\n","protected":false},"author":2,"featured_media":26391,"comment_status":"open","ping_status":"open","sticky":false,"template":"","format":"standard","meta":{"footnotes":""},"categories":[2],"tags":[172],"class_list":["post-26390","post","type-post","status-publish","format-standard","has-post-thumbnail","hentry","category-policial","tag-featured"],"amp_enabled":true,"_links":{"self":[{"href":"https:\/\/radiostudiow.com.br\/site\/wp-json\/wp\/v2\/posts\/26390","targetHints":{"allow":["GET"]}}],"collection":[{"href":"https:\/\/radiostudiow.com.br\/site\/wp-json\/wp\/v2\/posts"}],"about":[{"href":"https:\/\/radiostudiow.com.br\/site\/wp-json\/wp\/v2\/types\/post"}],"author":[{"embeddable":true,"href":"https:\/\/radiostudiow.com.br\/site\/wp-json\/wp\/v2\/users\/2"}],"replies":[{"embeddable":true,"href":"https:\/\/radiostudiow.com.br\/site\/wp-json\/wp\/v2\/comments?post=26390"}],"version-history":[{"count":2,"href":"https:\/\/radiostudiow.com.br\/site\/wp-json\/wp\/v2\/posts\/26390\/revisions"}],"predecessor-version":[{"id":26406,"href":"https:\/\/radiostudiow.com.br\/site\/wp-json\/wp\/v2\/posts\/26390\/revisions\/26406"}],"wp:featuredmedia":[{"embeddable":true,"href":"https:\/\/radiostudiow.com.br\/site\/wp-json\/wp\/v2\/media\/26391"}],"wp:attachment":[{"href":"https:\/\/radiostudiow.com.br\/site\/wp-json\/wp\/v2\/media?parent=26390"}],"wp:term":[{"taxonomy":"category","embeddable":true,"href":"https:\/\/radiostudiow.com.br\/site\/wp-json\/wp\/v2\/categories?post=26390"},{"taxonomy":"post_tag","embeddable":true,"href":"https:\/\/radiostudiow.com.br\/site\/wp-json\/wp\/v2\/tags?post=26390"}],"curies":[{"name":"wp","href":"https:\/\/api.w.org\/{rel}","templated":true}]}}