{"id":26393,"date":"2024-08-23T17:19:12","date_gmt":"2024-08-23T20:19:12","guid":{"rendered":"https:\/\/radiostudiow.com.br\/site\/?p=26393"},"modified":"2025-01-31T14:58:59","modified_gmt":"2025-01-31T17:58:59","slug":"vitima-de-acidente-de-trabalho-pelo-rompimento-de-polia-foi-identificada","status":"publish","type":"post","link":"https:\/\/radiostudiow.com.br\/site\/2024\/08\/23\/vitima-de-acidente-de-trabalho-pelo-rompimento-de-polia-foi-identificada\/","title":{"rendered":"V\u00edtima de acidente de trabalho pelo rompimento de polia foi identificada"},"content":{"rendered":"\n<p>Na tarde desta quinta-feira, 22 de agosto, uma ocorr\u00eancia no bairro S\u00e3o Gabriel em Uni\u00e3o da Vit\u00f3ria mobilizou a equipe da Pol\u00edcia Militar e o Servi\u00e7o de Atendimento M\u00f3vel de Urg\u00eancia (SAMU).<\/p>\n\n\n\n<p>O caso envolveu um grave acidente de trabalho em uma empresa especializada em v\u00e1lvulas industriais.<\/p>\n\n\n\n<figure class=\"wp-block-image size-full\"><img loading=\"lazy\" decoding=\"async\" width=\"897\" height=\"204\" src=\"https:\/\/radiostudiow.com.br\/site\/wp-content\/uploads\/2024\/04\/image-18.png\" alt=\"\" class=\"wp-image-21207\" srcset=\"https:\/\/radiostudiow.com.br\/site\/wp-content\/uploads\/2024\/04\/image-18.png 897w, https:\/\/radiostudiow.com.br\/site\/wp-content\/uploads\/2024\/04\/image-18-300x68.png 300w, https:\/\/radiostudiow.com.br\/site\/wp-content\/uploads\/2024\/04\/image-18-768x175.png 768w\" sizes=\"auto, (max-width: 897px) 100vw, 897px\" \/><\/figure>\n\n\n\n<h2 class=\"wp-block-heading\"><strong>A v\u00edtima foi identificada como Jaime da Motta, de 29 anos.<\/strong><\/h2>\n\n\n\n<p>Ao chegar ao local, por volta das 16h30 a equipe do SAMU encontrou Jaime com um ferimento s\u00e9rio na cabe\u00e7a, causado pelo rompimento de uma polia.\u00a0Infelizmente, a gravidade dos ferimentos resultou em \u00f3bito imediato no local do acidente.<\/p>\n\n\n\n<figure class=\"wp-block-embed is-type-wp-embed is-provider-studio-w wp-block-embed-studio-w\"><div class=\"wp-block-embed__wrapper\">\n<blockquote class=\"wp-embedded-content\" data-secret=\"o4Cphjy66g\"><a href=\"https:\/\/radiostudiow.com.br\/site\/2024\/08\/23\/homem-morre-apos-acidente-causado-pelo-rompimento-de-uma-polia\/\">Homem morre ap\u00f3s acidente causado pelo rompimento de uma polia<\/a><\/blockquote><iframe loading=\"lazy\" class=\"wp-embedded-content\" sandbox=\"allow-scripts\" security=\"restricted\" style=\"position: absolute; visibility: hidden;\" title=\"&#8220;Homem morre ap\u00f3s acidente causado pelo rompimento de uma polia&#8221; &#8212; Studio W\" src=\"https:\/\/radiostudiow.com.br\/site\/2024\/08\/23\/homem-morre-apos-acidente-causado-pelo-rompimento-de-uma-polia\/embed\/#?secret=Fibwf2PqTi#?secret=o4Cphjy66g\" data-secret=\"o4Cphjy66g\" width=\"600\" height=\"338\" frameborder=\"0\" marginwidth=\"0\" marginheight=\"0\" scrolling=\"no\"><\/iframe>\n<\/div><\/figure>\n\n\n\n<figure class=\"wp-block-image size-full\"><img loading=\"lazy\" decoding=\"async\" width=\"576\" height=\"366\" src=\"https:\/\/radiostudiow.com.br\/site\/wp-content\/uploads\/2024\/08\/image-36.png\" alt=\"\" class=\"wp-image-26394\" srcset=\"https:\/\/radiostudiow.com.br\/site\/wp-content\/uploads\/2024\/08\/image-36.png 576w, https:\/\/radiostudiow.com.br\/site\/wp-content\/uploads\/2024\/08\/image-36-300x191.png 300w\" sizes=\"auto, (max-width: 576px) 100vw, 576px\" \/><\/figure>\n","protected":false},"excerpt":{"rendered":"<p>Na tarde desta quinta-feira, 22 de agosto, uma ocorr\u00eancia no bairro S\u00e3o Gabriel em Uni\u00e3o da Vit\u00f3ria mobilizou a equipe da Pol\u00edcia Militar e o Servi\u00e7o de Atendimento M\u00f3vel de Urg\u00eancia (SAMU). O caso envolveu um grave acidente de trabalho em uma empresa especializada em v\u00e1lvulas industriais. A v\u00edtima foi identificada como Jaime da Motta, [&hellip;]<\/p>\n","protected":false},"author":2,"featured_media":26400,"comment_status":"open","ping_status":"open","sticky":false,"template":"","format":"standard","meta":{"footnotes":""},"categories":[185],"tags":[172],"class_list":["post-26393","post","type-post","status-publish","format-standard","has-post-thumbnail","hentry","category-regional","tag-featured"],"amp_enabled":true,"_links":{"self":[{"href":"https:\/\/radiostudiow.com.br\/site\/wp-json\/wp\/v2\/posts\/26393","targetHints":{"allow":["GET"]}}],"collection":[{"href":"https:\/\/radiostudiow.com.br\/site\/wp-json\/wp\/v2\/posts"}],"about":[{"href":"https:\/\/radiostudiow.com.br\/site\/wp-json\/wp\/v2\/types\/post"}],"author":[{"embeddable":true,"href":"https:\/\/radiostudiow.com.br\/site\/wp-json\/wp\/v2\/users\/2"}],"replies":[{"embeddable":true,"href":"https:\/\/radiostudiow.com.br\/site\/wp-json\/wp\/v2\/comments?post=26393"}],"version-history":[{"count":3,"href":"https:\/\/radiostudiow.com.br\/site\/wp-json\/wp\/v2\/posts\/26393\/revisions"}],"predecessor-version":[{"id":26401,"href":"https:\/\/radiostudiow.com.br\/site\/wp-json\/wp\/v2\/posts\/26393\/revisions\/26401"}],"wp:featuredmedia":[{"embeddable":true,"href":"https:\/\/radiostudiow.com.br\/site\/wp-json\/wp\/v2\/media\/26400"}],"wp:attachment":[{"href":"https:\/\/radiostudiow.com.br\/site\/wp-json\/wp\/v2\/media?parent=26393"}],"wp:term":[{"taxonomy":"category","embeddable":true,"href":"https:\/\/radiostudiow.com.br\/site\/wp-json\/wp\/v2\/categories?post=26393"},{"taxonomy":"post_tag","embeddable":true,"href":"https:\/\/radiostudiow.com.br\/site\/wp-json\/wp\/v2\/tags?post=26393"}],"curies":[{"name":"wp","href":"https:\/\/api.w.org\/{rel}","templated":true}]}}