{"id":26397,"date":"2024-08-23T17:27:26","date_gmt":"2024-08-23T20:27:26","guid":{"rendered":"https:\/\/radiostudiow.com.br\/site\/?p=26397"},"modified":"2025-01-31T14:58:59","modified_gmt":"2025-01-31T17:58:59","slug":"colisao-envolveu-dois-caminhoes-na-br-476-em-paulo-frontin","status":"publish","type":"post","link":"https:\/\/radiostudiow.com.br\/site\/2024\/08\/23\/colisao-envolveu-dois-caminhoes-na-br-476-em-paulo-frontin\/","title":{"rendered":"Colis\u00e3o envolveu dois caminh\u00f5es na BR-476 em Paulo Frontin"},"content":{"rendered":"\n<p>Um acidente sem v\u00edtimas foi registardo na tarde desta sexta-feira, 23 de agosto, na BR-476, pr\u00f3ximo a Santana em Paulo Frontin.<\/p>\n\n\n\n<p>A colis\u00e3o envolveu dois caminh\u00f5es e, apesar de n\u00e3o haver feridos, o tr\u00e2nsito na regi\u00e3o est\u00e1 lento.<\/p>\n\n\n\n<figure class=\"wp-block-image size-full\"><img decoding=\"async\" src=\"https:\/\/radiostudiow.com.br\/site\/wp-content\/uploads\/2024\/04\/SITE-MEDIO.png\" alt=\"\" class=\"wp-image-21854\"\/><\/figure>\n\n\n\n<blockquote class=\"wp-block-quote is-layout-flow wp-block-quote-is-layout-flow\">\n<p>\u00c9 importante que os motoristas redobrem a aten\u00e7\u00e3o ao transitar por essa \u00e1rea, que apresenta pista molhada e condi\u00e7\u00f5es de chuva.<\/p>\n<\/blockquote>\n","protected":false},"excerpt":{"rendered":"<p>Um acidente sem v\u00edtimas foi registardo na tarde desta sexta-feira, 23 de agosto, na BR-476, pr\u00f3ximo a Santana em Paulo Frontin. A colis\u00e3o envolveu dois caminh\u00f5es e, apesar de n\u00e3o haver feridos, o tr\u00e2nsito na regi\u00e3o est\u00e1 lento. \u00c9 importante que os motoristas redobrem a aten\u00e7\u00e3o ao transitar por essa \u00e1rea, que apresenta pista molhada [&hellip;]<\/p>\n","protected":false},"author":2,"featured_media":26398,"comment_status":"open","ping_status":"open","sticky":false,"template":"","format":"standard","meta":{"footnotes":""},"categories":[185],"tags":[172],"class_list":["post-26397","post","type-post","status-publish","format-standard","has-post-thumbnail","hentry","category-regional","tag-featured"],"amp_enabled":true,"_links":{"self":[{"href":"https:\/\/radiostudiow.com.br\/site\/wp-json\/wp\/v2\/posts\/26397","targetHints":{"allow":["GET"]}}],"collection":[{"href":"https:\/\/radiostudiow.com.br\/site\/wp-json\/wp\/v2\/posts"}],"about":[{"href":"https:\/\/radiostudiow.com.br\/site\/wp-json\/wp\/v2\/types\/post"}],"author":[{"embeddable":true,"href":"https:\/\/radiostudiow.com.br\/site\/wp-json\/wp\/v2\/users\/2"}],"replies":[{"embeddable":true,"href":"https:\/\/radiostudiow.com.br\/site\/wp-json\/wp\/v2\/comments?post=26397"}],"version-history":[{"count":2,"href":"https:\/\/radiostudiow.com.br\/site\/wp-json\/wp\/v2\/posts\/26397\/revisions"}],"predecessor-version":[{"id":26403,"href":"https:\/\/radiostudiow.com.br\/site\/wp-json\/wp\/v2\/posts\/26397\/revisions\/26403"}],"wp:featuredmedia":[{"embeddable":true,"href":"https:\/\/radiostudiow.com.br\/site\/wp-json\/wp\/v2\/media\/26398"}],"wp:attachment":[{"href":"https:\/\/radiostudiow.com.br\/site\/wp-json\/wp\/v2\/media?parent=26397"}],"wp:term":[{"taxonomy":"category","embeddable":true,"href":"https:\/\/radiostudiow.com.br\/site\/wp-json\/wp\/v2\/categories?post=26397"},{"taxonomy":"post_tag","embeddable":true,"href":"https:\/\/radiostudiow.com.br\/site\/wp-json\/wp\/v2\/tags?post=26397"}],"curies":[{"name":"wp","href":"https:\/\/api.w.org\/{rel}","templated":true}]}}