{"id":26408,"date":"2024-08-23T18:20:10","date_gmt":"2024-08-23T21:20:10","guid":{"rendered":"https:\/\/radiostudiow.com.br\/site\/?p=26408"},"modified":"2025-01-31T14:58:59","modified_gmt":"2025-01-31T17:58:59","slug":"colisao-frontal-em-irineopolis-deixa-uma-vitima-fatal-e-dois-feridos","status":"publish","type":"post","link":"https:\/\/radiostudiow.com.br\/site\/2024\/08\/23\/colisao-frontal-em-irineopolis-deixa-uma-vitima-fatal-e-dois-feridos\/","title":{"rendered":"Acidente grave em Irine\u00f3polis deixa uma v\u00edtima fatal, uma pessoa em estado grave e outra ferida"},"content":{"rendered":"\n<p>Um grave acidente foi registrado na BR-280 a cerca de 2 km ap\u00f3s o acesso principal de Irine\u00f3polis sentido Canoinhas por volta das 19:13 horas desta quinta-feira (22).<\/p>\n\n\n\n<p><strong>CONFIRA O V\u00cdDEO PRODUZIDO PELO PORTAL <em> <a href=\"https:\/\/www.facebook.com\/profile.php?id=61560662931135\" data-type=\"link\" data-id=\"https:\/\/www.facebook.com\/profile.php?id=61560662931135\">Assis O Rep\u00f3rter\u00a0<\/a><\/em> AO VIVO, DIRETO DO LOCAL DO ACIDENTE, EM CONVERSA COM O CORPO DE BOMBEIROS DE IRINE\u00d3POLIS.<\/strong>  <\/p>\n\n\n\n<figure class=\"wp-block-image size-full\"><img decoding=\"async\" src=\"https:\/\/radiostudiow.com.br\/site\/wp-content\/uploads\/2024\/04\/SITE-MEDIO.png\" alt=\"\" class=\"wp-image-21854\"\/><\/figure>\n\n\n\n<p>A colis\u00e3o envolveu dois ve\u00edculos, um Fiat\/Strada placas Mercosul e um Honda\/Civic. A colis\u00e3o frontal resultou em uma v\u00edtima fatal e dois feridos.<\/p>\n\n\n\n<p>De acordo com informa\u00e7\u00f5es do Corpo de Bombeiros de Irine\u00f3polis, o condutor da Fiat\/Strada, identificado como\u00a0<strong>Jos\u00e9 Otilo Koch<\/strong>, conhecido como Tilo,\u00a0morador do bairro S\u00e3o Pedro em Porto Uni\u00e3o,\u00a0n\u00e3o resistiu aos ferimentos e veio a \u00f3bito no local do acidente.\u00a0A passageira da Strada, esposa de Tilo, foi socorrida e encaminhada ao hospital de Porto Uni\u00e3o, onde permanece em estado grave.<\/p>\n\n\n\n<p>O condutor do Honda\/Civic, com placas de Canoinhas, tamb\u00e9m sofreu ferimentos e foi atendido no local antes de ser levado ao hospital para receber os cuidados necess\u00e1rios.<\/p>\n\n\n\n<figure class=\"wp-block-image size-full\"><img loading=\"lazy\" decoding=\"async\" width=\"300\" height=\"180\" src=\"https:\/\/radiostudiow.com.br\/site\/wp-content\/uploads\/2024\/04\/SITE-PEQUENO.png\" alt=\"\" class=\"wp-image-21712\"\/><\/figure>\n\n\n\n<p>As causas do acidente ainda est\u00e3o sendo investigadas pelas autoridades, e o tr\u00e2nsito na regi\u00e3o ficou parcialmente interditado enquanto as equipes de resgate e per\u00edcia trabalhavam no local.<\/p>\n\n\n\n<p><em>Fonte\/Fotos\/V\u00eddep: <a href=\"https:\/\/www.facebook.com\/profile.php?id=61560662931135\" data-type=\"link\" data-id=\"https:\/\/www.facebook.com\/profile.php?id=61560662931135\">Assis O Rep\u00f3rter\u00a0<\/a><\/em><\/p>\n\n\n\n<figure class=\"wp-block-video\"><video controls src=\"https:\/\/radiostudiow.com.br\/site\/wp-content\/uploads\/2024\/08\/WhatsApp-Video-2024-08-23-at-17.58.02.mp4\"><\/video><figcaption class=\"wp-element-caption\">Fonte: Assis O Rep\u00f3rter\u00a0<\/figcaption><\/figure>\n\n\n\n<figure class=\"wp-block-image size-full\"><img loading=\"lazy\" decoding=\"async\" width=\"720\" height=\"405\" src=\"https:\/\/radiostudiow.com.br\/site\/wp-content\/uploads\/2024\/08\/image-41.png\" alt=\"\" class=\"wp-image-26414\" srcset=\"https:\/\/radiostudiow.com.br\/site\/wp-content\/uploads\/2024\/08\/image-41.png 720w, https:\/\/radiostudiow.com.br\/site\/wp-content\/uploads\/2024\/08\/image-41-300x169.png 300w\" sizes=\"auto, (max-width: 720px) 100vw, 720px\" \/><\/figure>\n\n\n\n<figure class=\"wp-block-image size-full\"><img loading=\"lazy\" decoding=\"async\" width=\"720\" height=\"405\" src=\"https:\/\/radiostudiow.com.br\/site\/wp-content\/uploads\/2024\/08\/image-42.png\" alt=\"\" class=\"wp-image-26415\" srcset=\"https:\/\/radiostudiow.com.br\/site\/wp-content\/uploads\/2024\/08\/image-42.png 720w, https:\/\/radiostudiow.com.br\/site\/wp-content\/uploads\/2024\/08\/image-42-300x169.png 300w\" sizes=\"auto, (max-width: 720px) 100vw, 720px\" \/><\/figure>\n\n\n\n<figure class=\"wp-block-gallery has-nested-images columns-default is-cropped wp-block-gallery-1 is-layout-flex wp-block-gallery-is-layout-flex\">\n<figure class=\"wp-block-image size-large\"><img loading=\"lazy\" decoding=\"async\" width=\"484\" height=\"1024\" data-id=\"26411\" src=\"https:\/\/radiostudiow.com.br\/site\/wp-content\/uploads\/2024\/08\/1c779e10-1e47-42ad-b92f-a472cf87bb3b-484x1024.jpeg\" alt=\"\" class=\"wp-image-26411\" srcset=\"https:\/\/radiostudiow.com.br\/site\/wp-content\/uploads\/2024\/08\/1c779e10-1e47-42ad-b92f-a472cf87bb3b-484x1024.jpeg 484w, https:\/\/radiostudiow.com.br\/site\/wp-content\/uploads\/2024\/08\/1c779e10-1e47-42ad-b92f-a472cf87bb3b-142x300.jpeg 142w, https:\/\/radiostudiow.com.br\/site\/wp-content\/uploads\/2024\/08\/1c779e10-1e47-42ad-b92f-a472cf87bb3b.jpeg 492w\" sizes=\"auto, (max-width: 484px) 100vw, 484px\" \/><figcaption class=\"wp-element-caption\">Fonte: Assis O Rep\u00f3rter\u00a0<\/figcaption><\/figure>\n\n\n\n<figure class=\"wp-block-image size-large\"><img loading=\"lazy\" decoding=\"async\" width=\"484\" height=\"1024\" data-id=\"26412\" src=\"https:\/\/radiostudiow.com.br\/site\/wp-content\/uploads\/2024\/08\/22daac59-da00-4f21-ad86-907e81533670-484x1024.jpeg\" alt=\"\" class=\"wp-image-26412\" srcset=\"https:\/\/radiostudiow.com.br\/site\/wp-content\/uploads\/2024\/08\/22daac59-da00-4f21-ad86-907e81533670-484x1024.jpeg 484w, https:\/\/radiostudiow.com.br\/site\/wp-content\/uploads\/2024\/08\/22daac59-da00-4f21-ad86-907e81533670-142x300.jpeg 142w, https:\/\/radiostudiow.com.br\/site\/wp-content\/uploads\/2024\/08\/22daac59-da00-4f21-ad86-907e81533670.jpeg 492w\" sizes=\"auto, (max-width: 484px) 100vw, 484px\" \/><figcaption class=\"wp-element-caption\">Fonte: Assis O Rep\u00f3rter\u00a0<\/figcaption><\/figure>\n<\/figure>\n\n\n\n<figure class=\"wp-block-image size-full\"><img loading=\"lazy\" decoding=\"async\" width=\"563\" height=\"600\" src=\"https:\/\/radiostudiow.com.br\/site\/wp-content\/uploads\/2024\/08\/image-39.png\" alt=\"\" class=\"wp-image-26410\" srcset=\"https:\/\/radiostudiow.com.br\/site\/wp-content\/uploads\/2024\/08\/image-39.png 563w, https:\/\/radiostudiow.com.br\/site\/wp-content\/uploads\/2024\/08\/image-39-282x300.png 282w\" sizes=\"auto, (max-width: 563px) 100vw, 563px\" \/><\/figure>\n\n\n\n<p><em>Fonte\/Fotos\/V\u00eddep: <a href=\"https:\/\/www.facebook.com\/profile.php?id=61560662931135\" data-type=\"link\" data-id=\"https:\/\/www.facebook.com\/profile.php?id=61560662931135\">Assis O Rep\u00f3rter\u00a0<\/a><\/em><\/p>\n","protected":false},"excerpt":{"rendered":"<p>Um grave acidente foi registrado na BR-280 a cerca de 2 km ap\u00f3s o acesso principal de Irine\u00f3polis sentido Canoinhas por volta das 19:13 horas desta quinta-feira (22). CONFIRA O V\u00cdDEO PRODUZIDO PELO PORTAL Assis O Rep\u00f3rter\u00a0 AO VIVO, DIRETO DO LOCAL DO ACIDENTE, EM CONVERSA COM O CORPO DE BOMBEIROS DE IRINE\u00d3POLIS. A colis\u00e3o [&hellip;]<\/p>\n","protected":false},"author":2,"featured_media":26417,"comment_status":"open","ping_status":"open","sticky":false,"template":"","format":"standard","meta":{"footnotes":""},"categories":[185],"tags":[172],"class_list":["post-26408","post","type-post","status-publish","format-standard","has-post-thumbnail","hentry","category-regional","tag-featured"],"amp_enabled":true,"_links":{"self":[{"href":"https:\/\/radiostudiow.com.br\/site\/wp-json\/wp\/v2\/posts\/26408","targetHints":{"allow":["GET"]}}],"collection":[{"href":"https:\/\/radiostudiow.com.br\/site\/wp-json\/wp\/v2\/posts"}],"about":[{"href":"https:\/\/radiostudiow.com.br\/site\/wp-json\/wp\/v2\/types\/post"}],"author":[{"embeddable":true,"href":"https:\/\/radiostudiow.com.br\/site\/wp-json\/wp\/v2\/users\/2"}],"replies":[{"embeddable":true,"href":"https:\/\/radiostudiow.com.br\/site\/wp-json\/wp\/v2\/comments?post=26408"}],"version-history":[{"count":3,"href":"https:\/\/radiostudiow.com.br\/site\/wp-json\/wp\/v2\/posts\/26408\/revisions"}],"predecessor-version":[{"id":26420,"href":"https:\/\/radiostudiow.com.br\/site\/wp-json\/wp\/v2\/posts\/26408\/revisions\/26420"}],"wp:featuredmedia":[{"embeddable":true,"href":"https:\/\/radiostudiow.com.br\/site\/wp-json\/wp\/v2\/media\/26417"}],"wp:attachment":[{"href":"https:\/\/radiostudiow.com.br\/site\/wp-json\/wp\/v2\/media?parent=26408"}],"wp:term":[{"taxonomy":"category","embeddable":true,"href":"https:\/\/radiostudiow.com.br\/site\/wp-json\/wp\/v2\/categories?post=26408"},{"taxonomy":"post_tag","embeddable":true,"href":"https:\/\/radiostudiow.com.br\/site\/wp-json\/wp\/v2\/tags?post=26408"}],"curies":[{"name":"wp","href":"https:\/\/api.w.org\/{rel}","templated":true}]}}