{"id":2643,"date":"2021-06-26T22:39:11","date_gmt":"2021-06-27T01:39:11","guid":{"rendered":"https:\/\/radiostudiow.com.br\/site\/?p=2643"},"modified":"2021-06-26T22:39:40","modified_gmt":"2021-06-27T01:39:40","slug":"condutor-sem-habilitacao-nao-acata-ordem-de-parada-da-policia-militar-e-foge-em-alta-velocidade-pelas-ruas-centrais-de-mallet","status":"publish","type":"post","link":"https:\/\/radiostudiow.com.br\/site\/2021\/06\/26\/condutor-sem-habilitacao-nao-acata-ordem-de-parada-da-policia-militar-e-foge-em-alta-velocidade-pelas-ruas-centrais-de-mallet\/","title":{"rendered":"CONDUTOR SEM HABILITA\u00c7\u00c3O N\u00c3O ACATA ORDEM DE PARADA DA POL\u00cdCIA MILITAR E FOGE EM ALTA VELOCIDADE PELAS RUAS CENTRAIS DE MALLET"},"content":{"rendered":"\n<p>A equipe da Pol\u00edcia Militar do Pelot\u00e3o Cabo Abr\u00e3o Kanclarovicz de Mallet, realizava o patrulhamento no final da tarde deste s\u00e1bado (26), quando visualizou uma motocicleta sem placa de identifica\u00e7\u00e3o transitando pela \u00e1rea central da cidade.<\/p>\n\n\n\n<p>Foi dada voz de abordagem com sinais sonoros, por\u00e9m o condutor n\u00e3o acatou a ordem de parada e iniciou a fuga em alta velocidade.<\/p>\n\n\n\n<p>Os policiais realizaram o acompanhamento t\u00e1tico por diversas ruas do centro da cidade tendo \u00eaxito na abordagem na avenida Bar\u00e3o do Rio Branco.<\/p>\n\n\n\n<p>&nbsp;Os policiais fizeram a busca pessoal e nada de il\u00edcito foi localizado, por\u00e9m o condutor foi identificado como um menor de idade de apenas 16 anos.<\/p>\n\n\n\n<p>&nbsp;O Conselho Tutelar compareceu e acompanhou toda a situa\u00e7\u00e3o.<\/p>\n\n\n\n<p>Em consulta ao sistema SESP,&nbsp; pelo n\u00famero do motor, p\u00f4de-se verificar que trata-se de um ve\u00edculo baixado.<\/p>\n\n\n\n<p>&nbsp;A equipe confeccionou as notifica\u00e7\u00f5es pertinentes e a motocicleta foi recolhida ao P\u00e1tio do 3\u00ba Pelot\u00e3o onde ficar\u00e1 \u00e0 disposi\u00e7\u00e3o do Detran.,<\/p>\n\n\n\n<figure class=\"wp-block-image size-large\"><img decoding=\"async\" src=\"https:\/\/radiostudiow.com.br\/site\/wp-content\/uploads\/2021\/06\/BAHNIUK-1.jpg\" alt=\"\" class=\"wp-image-2508\"\/><\/figure>\n\n\n\n<figure class=\"wp-block-image size-large\"><img decoding=\"async\" src=\"https:\/\/radiostudiow.com.br\/site\/wp-content\/uploads\/2021\/06\/NUTRI-MALLET.jpg\" alt=\"\" class=\"wp-image-2504\"\/><\/figure>\n\n\n\n<figure class=\"wp-block-image size-large\"><img decoding=\"async\" src=\"https:\/\/radiostudiow.com.br\/site\/wp-content\/uploads\/2021\/05\/prop.gif\" alt=\"\" class=\"wp-image-2197\"\/><\/figure>\n","protected":false},"excerpt":{"rendered":"<p>A equipe da Pol\u00edcia Militar do Pelot\u00e3o Cabo Abr\u00e3o Kanclarovicz de Mallet, realizava o patrulhamento no final da tarde deste s\u00e1bado (26), quando visualizou uma motocicleta sem placa de identifica\u00e7\u00e3o transitando pela \u00e1rea central da cidade. Foi dada voz de abordagem com sinais sonoros, por\u00e9m o condutor n\u00e3o acatou a ordem de parada e iniciou [&hellip;]<\/p>\n","protected":false},"author":2,"featured_media":0,"comment_status":"open","ping_status":"open","sticky":false,"template":"","format":"standard","meta":{"footnotes":""},"categories":[2],"tags":[172],"class_list":["post-2643","post","type-post","status-publish","format-standard","hentry","category-policial","tag-featured"],"amp_enabled":true,"_links":{"self":[{"href":"https:\/\/radiostudiow.com.br\/site\/wp-json\/wp\/v2\/posts\/2643","targetHints":{"allow":["GET"]}}],"collection":[{"href":"https:\/\/radiostudiow.com.br\/site\/wp-json\/wp\/v2\/posts"}],"about":[{"href":"https:\/\/radiostudiow.com.br\/site\/wp-json\/wp\/v2\/types\/post"}],"author":[{"embeddable":true,"href":"https:\/\/radiostudiow.com.br\/site\/wp-json\/wp\/v2\/users\/2"}],"replies":[{"embeddable":true,"href":"https:\/\/radiostudiow.com.br\/site\/wp-json\/wp\/v2\/comments?post=2643"}],"version-history":[{"count":2,"href":"https:\/\/radiostudiow.com.br\/site\/wp-json\/wp\/v2\/posts\/2643\/revisions"}],"predecessor-version":[{"id":2646,"href":"https:\/\/radiostudiow.com.br\/site\/wp-json\/wp\/v2\/posts\/2643\/revisions\/2646"}],"wp:attachment":[{"href":"https:\/\/radiostudiow.com.br\/site\/wp-json\/wp\/v2\/media?parent=2643"}],"wp:term":[{"taxonomy":"category","embeddable":true,"href":"https:\/\/radiostudiow.com.br\/site\/wp-json\/wp\/v2\/categories?post=2643"},{"taxonomy":"post_tag","embeddable":true,"href":"https:\/\/radiostudiow.com.br\/site\/wp-json\/wp\/v2\/tags?post=2643"}],"curies":[{"name":"wp","href":"https:\/\/api.w.org\/{rel}","templated":true}]}}