{"id":26440,"date":"2024-08-24T11:33:51","date_gmt":"2024-08-24T14:33:51","guid":{"rendered":"https:\/\/radiostudiow.com.br\/site\/?p=26440"},"modified":"2025-01-31T14:58:59","modified_gmt":"2025-01-31T17:58:59","slug":"pm-de-sao-mateus-do-sul-prende-homem-por-trafico-de-drogas-2","status":"publish","type":"post","link":"https:\/\/radiostudiow.com.br\/site\/2024\/08\/24\/pm-de-sao-mateus-do-sul-prende-homem-por-trafico-de-drogas-2\/","title":{"rendered":"PM de S\u00e3o Mateus do Sul prende homem por tr\u00e1fico de drogas"},"content":{"rendered":"\n<p>A equipe da Pol\u00edcia Militar recebeu den\u00fancia de que no local ocorria o comercio ilegal de entorpecentes, tr\u00e1fico de drogas, na \u00e1rea central de S\u00e3o Mateus do Sul por volta das 20:30 horas dessa sexta-feira (23).<\/p>\n\n\n\n<p>Os policiais realizaram patrulhamento pelo endere\u00e7o denunciado e foi avistado um indiv\u00edduo suspeito, o qual ao ver a viatura arremessou um objeto ao solo. Ap\u00f3s verifica\u00e7\u00e3o, o objeto se tratava de duas pedras de subst\u00e2ncia an\u00e1loga a crack.<\/p>\n\n\n\n<figure class=\"wp-block-image size-full\"><img loading=\"lazy\" decoding=\"async\" width=\"897\" height=\"204\" src=\"https:\/\/radiostudiow.com.br\/site\/wp-content\/uploads\/2024\/08\/TIJOLAO.png\" alt=\"\" class=\"wp-image-25951\" srcset=\"https:\/\/radiostudiow.com.br\/site\/wp-content\/uploads\/2024\/08\/TIJOLAO.png 897w, https:\/\/radiostudiow.com.br\/site\/wp-content\/uploads\/2024\/08\/TIJOLAO-300x68.png 300w, https:\/\/radiostudiow.com.br\/site\/wp-content\/uploads\/2024\/08\/TIJOLAO-768x175.png 768w\" sizes=\"auto, (max-width: 897px) 100vw, 897px\" \/><\/figure>\n\n\n\n<p>O abordado indicou a resid\u00eancia de onde havia sa\u00eddo. Na resid\u00eancia foram encontradas oito pedras igualmente embaladas como as do abordado, al\u00e9m de nove por\u00e7\u00f5es de subst\u00e2ncia an\u00e1loga a maconha j\u00e1 fracionadas e embaladas para comercializa\u00e7\u00e3o.<\/p>\n\n\n\n<p>O respons\u00e1vel pela resid\u00eancia recebeu voz de pris\u00e3o e foi encaminhado junto do abordado com os il\u00edcitos apreendidos para a Delegacia de Pol\u00edcia Civil para as demais provid\u00eancias.<\/p>\n","protected":false},"excerpt":{"rendered":"<p>A equipe da Pol\u00edcia Militar recebeu den\u00fancia de que no local ocorria o comercio ilegal de entorpecentes, tr\u00e1fico de drogas, na \u00e1rea central de S\u00e3o Mateus do Sul por volta das 20:30 horas dessa sexta-feira (23). Os policiais realizaram patrulhamento pelo endere\u00e7o denunciado e foi avistado um indiv\u00edduo suspeito, o qual ao ver a viatura [&hellip;]<\/p>\n","protected":false},"author":2,"featured_media":26436,"comment_status":"open","ping_status":"open","sticky":false,"template":"","format":"standard","meta":{"footnotes":""},"categories":[2],"tags":[172],"class_list":["post-26440","post","type-post","status-publish","format-standard","has-post-thumbnail","hentry","category-policial","tag-featured"],"amp_enabled":true,"_links":{"self":[{"href":"https:\/\/radiostudiow.com.br\/site\/wp-json\/wp\/v2\/posts\/26440","targetHints":{"allow":["GET"]}}],"collection":[{"href":"https:\/\/radiostudiow.com.br\/site\/wp-json\/wp\/v2\/posts"}],"about":[{"href":"https:\/\/radiostudiow.com.br\/site\/wp-json\/wp\/v2\/types\/post"}],"author":[{"embeddable":true,"href":"https:\/\/radiostudiow.com.br\/site\/wp-json\/wp\/v2\/users\/2"}],"replies":[{"embeddable":true,"href":"https:\/\/radiostudiow.com.br\/site\/wp-json\/wp\/v2\/comments?post=26440"}],"version-history":[{"count":1,"href":"https:\/\/radiostudiow.com.br\/site\/wp-json\/wp\/v2\/posts\/26440\/revisions"}],"predecessor-version":[{"id":26441,"href":"https:\/\/radiostudiow.com.br\/site\/wp-json\/wp\/v2\/posts\/26440\/revisions\/26441"}],"wp:featuredmedia":[{"embeddable":true,"href":"https:\/\/radiostudiow.com.br\/site\/wp-json\/wp\/v2\/media\/26436"}],"wp:attachment":[{"href":"https:\/\/radiostudiow.com.br\/site\/wp-json\/wp\/v2\/media?parent=26440"}],"wp:term":[{"taxonomy":"category","embeddable":true,"href":"https:\/\/radiostudiow.com.br\/site\/wp-json\/wp\/v2\/categories?post=26440"},{"taxonomy":"post_tag","embeddable":true,"href":"https:\/\/radiostudiow.com.br\/site\/wp-json\/wp\/v2\/tags?post=26440"}],"curies":[{"name":"wp","href":"https:\/\/api.w.org\/{rel}","templated":true}]}}