{"id":26446,"date":"2024-08-26T10:30:27","date_gmt":"2024-08-26T13:30:27","guid":{"rendered":"https:\/\/radiostudiow.com.br\/site\/?p=26446"},"modified":"2025-01-31T14:58:59","modified_gmt":"2025-01-31T17:58:59","slug":"26-de-agosto-entenda-a-importancia-do-dia-internacional-da-igualdade-feminina","status":"publish","type":"post","link":"https:\/\/radiostudiow.com.br\/site\/2024\/08\/26\/26-de-agosto-entenda-a-importancia-do-dia-internacional-da-igualdade-feminina\/","title":{"rendered":"26 de agosto: entenda a import\u00e2ncia do Dia Internacional da Igualdade Feminina"},"content":{"rendered":"\n<blockquote class=\"wp-block-quote is-layout-flow wp-block-quote-is-layout-flow\">\n<p>O que \u00e9 o Dia Internacional da Igualdade Feminina?<\/p>\n<\/blockquote>\n\n\n\n<p>O\u00a0<strong>Dia Internacional da Igualdade Feminina<\/strong>\u00a0foi\u00a0implementado\u00a0pelo Congresso dos Estados Unidos, no dia\u00a0<strong>26 de agosto<\/strong>\u00a0de 1973, em homenagem \u00e0 data de aprova\u00e7\u00e3o\u00a0da emenda que\u00a0permitiu o voto \u00e0s mulheres. A data\u00a0tem como intuito celebrar e trazer visibilidade \u00e0s quest\u00f5es de equidade de g\u00eanero, e a import\u00e2ncia do papel da mulher na sociedade contempor\u00e2nea.<\/p>\n\n\n\n<figure class=\"wp-block-image size-full\"><img decoding=\"async\" src=\"https:\/\/radiostudiow.com.br\/site\/wp-content\/uploads\/2024\/04\/SITE-MEDIO.png\" alt=\"\" class=\"wp-image-21854\"\/><\/figure>\n\n\n\n<p>Apesar dos avan\u00e7os desde ent\u00e3o, ainda temos um longo caminho para tra\u00e7ar at\u00e9 que a igualdade de g\u00eanero seja alcan\u00e7ada na sociedade. Vem entender tudo sobre o movimento que deu origem a luta feminista, os avan\u00e7os que j\u00e1 tivemos na sociedade desde ent\u00e3o, e todo o caminho que ainda temos a tra\u00e7ar.\u00a0\u00a0<\/p>\n\n\n\n<h4 class=\"wp-block-heading\">Movimento sufragista: o in\u00edcio da luta<\/h4>\n\n\n\n<figure class=\"wp-block-image size-large\"><img loading=\"lazy\" decoding=\"async\" width=\"1024\" height=\"569\" src=\"https:\/\/radiostudiow.com.br\/site\/wp-content\/uploads\/2024\/08\/image-45-1024x569.png\" alt=\"\" class=\"wp-image-26447\" srcset=\"https:\/\/radiostudiow.com.br\/site\/wp-content\/uploads\/2024\/08\/image-45-1024x569.png 1024w, https:\/\/radiostudiow.com.br\/site\/wp-content\/uploads\/2024\/08\/image-45-300x167.png 300w, https:\/\/radiostudiow.com.br\/site\/wp-content\/uploads\/2024\/08\/image-45-768x427.png 768w, https:\/\/radiostudiow.com.br\/site\/wp-content\/uploads\/2024\/08\/image-45-1536x853.png 1536w, https:\/\/radiostudiow.com.br\/site\/wp-content\/uploads\/2024\/08\/image-45.png 1800w\" sizes=\"auto, (max-width: 1024px) 100vw, 1024px\" \/><figcaption class=\"wp-element-caption\">Foto: Expedi\u00e7\u00e3o Oriente\/Reprodu\u00e7\u00e3o<br><\/figcaption><\/figure>\n\n\n\n<p>A conquista do voto, e de diversos outros direitos da mulher, s\u00f3 foi poss\u00edvel gra\u00e7as ao\u00a0<strong>movimento sufragista<\/strong>\u00a0ao redor do mundo. O movimento<strong>\u00a0<\/strong>surgiu no s\u00e9culo XIX com o prop\u00f3sito de lutar pela participa\u00e7\u00e3o feminina na pol\u00edtica,\u00a0implicando que as mulheres tivessem o direito de votar, e tamb\u00e9m de ser votadas.<\/p>\n\n\n\n<p><a href=\"https:\/\/simpleorganic.com.br\/blogs\/simple-blog\/dia-internacional-da-igualdade-feminina-conheca-ativistas-que-lutam-pelo-direito-da-mulher\" target=\"_blank\" rel=\"noreferrer noopener\">DIA INTERNACIONAL DA IGUALDADE FEMININA: CONHE\u00c7A ATIVISTAS QUE LUTAM PELO DIREITO DA MULHER<\/a><\/p>\n\n\n\n<figure class=\"wp-block-image size-full\"><img loading=\"lazy\" decoding=\"async\" width=\"300\" height=\"180\" src=\"https:\/\/radiostudiow.com.br\/site\/wp-content\/uploads\/2024\/04\/image-26.png\" alt=\"\" class=\"wp-image-21279\"\/><\/figure>\n\n\n\n<p>As&nbsp;<strong>sufragistas<\/strong>, mulheres que&nbsp;faziam parte&nbsp;do movimento,&nbsp;argumentavam&nbsp;que se elas eram aptas para prestar servi\u00e7os que exigiam extrema responsabilidade, tamb\u00e9m seriam capazes para participar da pol\u00edtica.&nbsp;<\/p>\n\n\n\n<p>O&nbsp;<strong>sufr\u00e1gio feminino&nbsp;<\/strong>ganhou for\u00e7a ao redor do mundo inteiro, at\u00e9 que v\u00e1rios pa\u00edses&nbsp;fizeram altera\u00e7\u00f5es em suas respectivas legisla\u00e7\u00f5es, e passaram a&nbsp;inserir a mulher na pol\u00edtica, e&nbsp;em mais formas ativas dentro da sociedade.&nbsp;<\/p>\n\n\n\n<figure class=\"wp-block-image size-large\"><img loading=\"lazy\" decoding=\"async\" width=\"1024\" height=\"569\" src=\"https:\/\/radiostudiow.com.br\/site\/wp-content\/uploads\/2024\/08\/image-46-1024x569.png\" alt=\"\" class=\"wp-image-26448\" srcset=\"https:\/\/radiostudiow.com.br\/site\/wp-content\/uploads\/2024\/08\/image-46-1024x569.png 1024w, https:\/\/radiostudiow.com.br\/site\/wp-content\/uploads\/2024\/08\/image-46-300x167.png 300w, https:\/\/radiostudiow.com.br\/site\/wp-content\/uploads\/2024\/08\/image-46-768x427.png 768w, https:\/\/radiostudiow.com.br\/site\/wp-content\/uploads\/2024\/08\/image-46-1536x853.png 1536w, https:\/\/radiostudiow.com.br\/site\/wp-content\/uploads\/2024\/08\/image-46.png 1800w\" sizes=\"auto, (max-width: 1024px) 100vw, 1024px\" \/><\/figure>\n\n\n\n<p><\/p>\n\n\n\n<h2 class=\"wp-block-heading\">Dia Internacional da Igualdade Feminina: o cen\u00e1rio brasileiro<\/h2>\n\n\n\n<figure class=\"wp-block-image size-large\"><img loading=\"lazy\" decoding=\"async\" width=\"1024\" height=\"569\" src=\"https:\/\/radiostudiow.com.br\/site\/wp-content\/uploads\/2024\/08\/image-47-1024x569.png\" alt=\"\" class=\"wp-image-26449\" srcset=\"https:\/\/radiostudiow.com.br\/site\/wp-content\/uploads\/2024\/08\/image-47-1024x569.png 1024w, https:\/\/radiostudiow.com.br\/site\/wp-content\/uploads\/2024\/08\/image-47-300x167.png 300w, https:\/\/radiostudiow.com.br\/site\/wp-content\/uploads\/2024\/08\/image-47-768x427.png 768w, https:\/\/radiostudiow.com.br\/site\/wp-content\/uploads\/2024\/08\/image-47-1536x853.png 1536w, https:\/\/radiostudiow.com.br\/site\/wp-content\/uploads\/2024\/08\/image-47.png 1800w\" sizes=\"auto, (max-width: 1024px) 100vw, 1024px\" \/><figcaption class=\"wp-element-caption\">Jornal de 1924 mostra opini\u00f5es do Senado sobre o sufr\u00e1gio feminino. Foto: Poder 360.<\/figcaption><\/figure>\n\n\n\n<p>O&nbsp;<strong>movimento sufragista&nbsp;<\/strong>s\u00f3 veio a ganhar for\u00e7a no Brasil&nbsp;durante o s\u00e9culo XX. Em 1910,&nbsp;foi fundado o&nbsp;<strong>Partido Republicano Feminino<\/strong>, pela professora baiana<strong>&nbsp;Leolinda Daltro<\/strong>, e&nbsp;doze anos depois,&nbsp;<strong>Bertha Lutz<\/strong>&nbsp;inaugurou a&nbsp;<strong>Federa\u00e7\u00e3o Brasileira pelo Progresso Feminino<\/strong>.<\/p>\n\n\n\n<p>Foi h\u00e1&nbsp;90 anos, l\u00e1 em 1934, que o direito ao voto foi concebido \u00e0s mulheres, e apenas em 1946 que o voto feminino foi declarado obrigat\u00f3rio,&nbsp;assim como&nbsp;o masculino.&nbsp;<\/p>\n\n\n\n<figure class=\"wp-block-image size-large\"><img loading=\"lazy\" decoding=\"async\" width=\"1024\" height=\"569\" src=\"https:\/\/radiostudiow.com.br\/site\/wp-content\/uploads\/2024\/08\/image-48-1024x569.png\" alt=\"\" class=\"wp-image-26450\" srcset=\"https:\/\/radiostudiow.com.br\/site\/wp-content\/uploads\/2024\/08\/image-48-1024x569.png 1024w, https:\/\/radiostudiow.com.br\/site\/wp-content\/uploads\/2024\/08\/image-48-300x167.png 300w, https:\/\/radiostudiow.com.br\/site\/wp-content\/uploads\/2024\/08\/image-48-768x427.png 768w, https:\/\/radiostudiow.com.br\/site\/wp-content\/uploads\/2024\/08\/image-48-1536x853.png 1536w, https:\/\/radiostudiow.com.br\/site\/wp-content\/uploads\/2024\/08\/image-48.png 1800w\" sizes=\"auto, (max-width: 1024px) 100vw, 1024px\" \/><figcaption class=\"wp-element-caption\">Alzira Soriano, primeira prefeita do Brasil. Foto: Mundo Educa\u00e7\u00e3o<br><\/figcaption><\/figure>\n\n\n\n<p>De l\u00e1 pra c\u00e1, ainda\u00a0vemos heran\u00e7as de uma sociedade patriarcal no que diz respeito \u00e0s desigualdades entre o homem e a mulher.\u00a0<\/p>\n\n\n\n<h2 class=\"wp-block-heading\"><strong>Confira alguns dados sobre a participa\u00e7\u00e3o da mulher no mercado de trabalho brasileiro<\/strong><\/h2>\n\n\n\n<ul class=\"wp-block-list\">\n<li>\n<ul class=\"wp-block-list\">\n<li>Dados atuais da Bain &amp; Company\u00a0afirmam que apenas 3% dos cargos de lideran\u00e7a s\u00e3o ocupados por mulheres;<\/li>\n\n\n\n<li>O Brasil \u00e9 o segundo pa\u00eds da Am\u00e9rica Latina com menos mulheres em cargos de alta ger\u00eancia;<\/li>\n\n\n\n<li>De acordo com levantamento da Hays Executive, 55% das mulheres em cargos n\u00edvel 1 t\u00eam idade entre 51 e 60 anos, enquanto a maioria dos homens t\u00eam entre 41 e 50 anos;<\/li>\n\n\n\n<li>Se segu\u00edssimos no ritmo atual,\u00a0seriam necess\u00e1rios\u00a059 anos para eliminar as desigualdades de g\u00eanero no Brasil;<\/li>\n\n\n\n<li>Desigualdade salarial: mesmo realizando as mesmas fun\u00e7\u00f5es que o homem no mercado de trabalho, a mulher pode ganhar at\u00e9 30% a menos. Essa diferen\u00e7a dispara ainda mais quando se refere \u00e0s mulheres negras.<\/li>\n\n\n\n<li>Dados trazidos pelo SEBRAE, de 2019, apontam que mulheres donas do pr\u00f3prio neg\u00f3cio recebem 22% a menos que os homens.\u00a0<\/li>\n<\/ul>\n<\/li>\n<\/ul>\n\n\n\n<figure class=\"wp-block-image size-large\"><img loading=\"lazy\" decoding=\"async\" width=\"1024\" height=\"569\" src=\"https:\/\/radiostudiow.com.br\/site\/wp-content\/uploads\/2024\/08\/image-49-1024x569.png\" alt=\"\" class=\"wp-image-26451\" srcset=\"https:\/\/radiostudiow.com.br\/site\/wp-content\/uploads\/2024\/08\/image-49-1024x569.png 1024w, https:\/\/radiostudiow.com.br\/site\/wp-content\/uploads\/2024\/08\/image-49-300x167.png 300w, https:\/\/radiostudiow.com.br\/site\/wp-content\/uploads\/2024\/08\/image-49-768x427.png 768w, https:\/\/radiostudiow.com.br\/site\/wp-content\/uploads\/2024\/08\/image-49-1536x853.png 1536w, https:\/\/radiostudiow.com.br\/site\/wp-content\/uploads\/2024\/08\/image-49.png 1800w\" sizes=\"auto, (max-width: 1024px) 100vw, 1024px\" \/><figcaption class=\"wp-element-caption\">Manifesta\u00e7\u00e3o no Rio de Janeiro contra a viol\u00eancia de g\u00eanero na Am\u00e9rica Latina.\u00a0Foto: Fernando Fraz\u00e3o\/Ag\u00eancia Brasil<\/figcaption><\/figure>\n\n\n\n<h2 class=\"wp-block-heading\">Dia Internacional da Igualdade Feminina: a\u00a0luta continua\u00a0<\/h2>\n\n\n\n<p>O&nbsp;<strong>Dia Internacional da Igualdade Feminina<\/strong>&nbsp;n\u00e3o serve apenas&nbsp;para comemora\u00e7\u00e3o, ele \u00e9 um lembrete do longo caminho que ainda temos a percorrer.&nbsp;<\/p>\n\n\n\n<p>Cobre&nbsp;dos pol\u00edticos que tenham mulheres trabalhando nas suas campanhas e equipes, cobre das empresas que paguem as mulheres o mesmo que&nbsp;pagam aos homens, escute as mulheres ao seu redor, d\u00ea chances, oportunidades, eduque-se. Lute ao lado das mulheres para&nbsp;dar seu merecido espa\u00e7o.&nbsp; &nbsp;<\/p>\n\n\n\n<figure class=\"wp-block-image size-large\"><img loading=\"lazy\" decoding=\"async\" width=\"1024\" height=\"569\" src=\"https:\/\/radiostudiow.com.br\/site\/wp-content\/uploads\/2024\/08\/image-50-1024x569.png\" alt=\"\" class=\"wp-image-26452\" srcset=\"https:\/\/radiostudiow.com.br\/site\/wp-content\/uploads\/2024\/08\/image-50-1024x569.png 1024w, https:\/\/radiostudiow.com.br\/site\/wp-content\/uploads\/2024\/08\/image-50-300x167.png 300w, https:\/\/radiostudiow.com.br\/site\/wp-content\/uploads\/2024\/08\/image-50-768x427.png 768w, https:\/\/radiostudiow.com.br\/site\/wp-content\/uploads\/2024\/08\/image-50-1536x853.png 1536w, https:\/\/radiostudiow.com.br\/site\/wp-content\/uploads\/2024\/08\/image-50.png 1800w\" sizes=\"auto, (max-width: 1024px) 100vw, 1024px\" \/><figcaption class=\"wp-element-caption\">Foto: Elineudo Meira<\/figcaption><\/figure>\n\n\n\n<h6 class=\"wp-block-heading\">E a\u00ed, voc\u00ea j\u00e1 conhecia o Dia Internacional da Igualdade Feminina? Tem alguma informa\u00e7\u00e3o sobre o tema que gostaria de compartilhar? Conta pra gente nos coment\u00e1rios!&nbsp;<\/h6>\n\n\n\n<p class=\"has-undefined-color has-text-color has-link-color wp-elements-acde0e10a78b7da174562679f1701ce6\"><em>Fontes:\u00a0<a href=\"https:\/\/www.cashme.com.br\/blog\/dia-internacional-da-igualdade\/\">Dia Internacional da Igualdade<\/a>;\u00a0<a href=\"https:\/\/www.terra.com.br\/vida-e-estilo\/horoscopo\/dia-internacional-da-igualdade-feminina-veja-a-importancia-da-data,33cb25e9fd396b4a7e74160cd7fc88818yol0049.html\">Dia Internacional da Igualdade Feminina: veja a import\u00e2ncia da data<\/a>;\u00a0<a href=\"https:\/\/guiadoestudante.abril.com.br\/atualidades\/dia-internacional-da-igualdade-feminina-qual-a-situacao-do-brasil\/\">Dia Internacional da Igualdade Feminina, qual a situa\u00e7\u00e3o do Brasil?<\/a>;\u00a0<a href=\"https:\/\/www.politize.com.br\/movimento-sufragista-o-que-foi-e-qual-o-impacto-no-brasil\/#:~:text=O%20que%20foi%20o%20movimento,votarem%20e%20de%20serem%20votadas.\">Movimento sufragista: o que foi e qual o impacto no Brasil?<\/a> <a href=\"https:\/\/simpleorganic.com.br\/\">Simple Organic<\/a><\/em><\/p>\n","protected":false},"excerpt":{"rendered":"<p>O que \u00e9 o Dia Internacional da Igualdade Feminina? O\u00a0Dia Internacional da Igualdade Feminina\u00a0foi\u00a0implementado\u00a0pelo Congresso dos Estados Unidos, no dia\u00a026 de agosto\u00a0de 1973, em homenagem \u00e0 data de aprova\u00e7\u00e3o\u00a0da emenda que\u00a0permitiu o voto \u00e0s mulheres. A data\u00a0tem como intuito celebrar e trazer visibilidade \u00e0s quest\u00f5es de equidade de g\u00eanero, e a import\u00e2ncia do papel da [&hellip;]<\/p>\n","protected":false},"author":2,"featured_media":26454,"comment_status":"open","ping_status":"open","sticky":false,"template":"","format":"standard","meta":{"footnotes":""},"categories":[7],"tags":[172],"class_list":["post-26446","post","type-post","status-publish","format-standard","has-post-thumbnail","hentry","category-geral","tag-featured"],"amp_enabled":true,"_links":{"self":[{"href":"https:\/\/radiostudiow.com.br\/site\/wp-json\/wp\/v2\/posts\/26446","targetHints":{"allow":["GET"]}}],"collection":[{"href":"https:\/\/radiostudiow.com.br\/site\/wp-json\/wp\/v2\/posts"}],"about":[{"href":"https:\/\/radiostudiow.com.br\/site\/wp-json\/wp\/v2\/types\/post"}],"author":[{"embeddable":true,"href":"https:\/\/radiostudiow.com.br\/site\/wp-json\/wp\/v2\/users\/2"}],"replies":[{"embeddable":true,"href":"https:\/\/radiostudiow.com.br\/site\/wp-json\/wp\/v2\/comments?post=26446"}],"version-history":[{"count":1,"href":"https:\/\/radiostudiow.com.br\/site\/wp-json\/wp\/v2\/posts\/26446\/revisions"}],"predecessor-version":[{"id":26455,"href":"https:\/\/radiostudiow.com.br\/site\/wp-json\/wp\/v2\/posts\/26446\/revisions\/26455"}],"wp:featuredmedia":[{"embeddable":true,"href":"https:\/\/radiostudiow.com.br\/site\/wp-json\/wp\/v2\/media\/26454"}],"wp:attachment":[{"href":"https:\/\/radiostudiow.com.br\/site\/wp-json\/wp\/v2\/media?parent=26446"}],"wp:term":[{"taxonomy":"category","embeddable":true,"href":"https:\/\/radiostudiow.com.br\/site\/wp-json\/wp\/v2\/categories?post=26446"},{"taxonomy":"post_tag","embeddable":true,"href":"https:\/\/radiostudiow.com.br\/site\/wp-json\/wp\/v2\/tags?post=26446"}],"curies":[{"name":"wp","href":"https:\/\/api.w.org\/{rel}","templated":true}]}}