{"id":26456,"date":"2024-08-26T10:35:42","date_gmt":"2024-08-26T13:35:42","guid":{"rendered":"https:\/\/radiostudiow.com.br\/site\/?p=26456"},"modified":"2025-01-31T14:58:59","modified_gmt":"2025-01-31T17:58:59","slug":"grave-acidente-com-onibus-de-trabalhadores-deixa-varios-feridos","status":"publish","type":"post","link":"https:\/\/radiostudiow.com.br\/site\/2024\/08\/26\/grave-acidente-com-onibus-de-trabalhadores-deixa-varios-feridos\/","title":{"rendered":"Grave acidente com \u00f4nibus de trabalhadores deixa v\u00e1rios feridos"},"content":{"rendered":"\n<figure class=\"wp-block-image size-full\"><img loading=\"lazy\" decoding=\"async\" width=\"897\" height=\"204\" src=\"https:\/\/radiostudiow.com.br\/site\/wp-content\/uploads\/2024\/04\/image-51.png\" alt=\"\" class=\"wp-image-21370\" srcset=\"https:\/\/radiostudiow.com.br\/site\/wp-content\/uploads\/2024\/04\/image-51.png 897w, https:\/\/radiostudiow.com.br\/site\/wp-content\/uploads\/2024\/04\/image-51-300x68.png 300w, https:\/\/radiostudiow.com.br\/site\/wp-content\/uploads\/2024\/04\/image-51-768x175.png 768w\" sizes=\"auto, (max-width: 897px) 100vw, 897px\" \/><\/figure>\n\n\n\n<p>Nas primeiras horas da manh\u00e3 desta segunda-feira, 26 de agosto, um grave acidente envolvendo um \u00f4nibus com trabalhadores de General Carneiro ocorreu na BR-153, pr\u00f3ximo ao trevo de acesso a Ca\u00e7ador.<\/p>\n\n\n\n<p>Segundo informa\u00e7\u00f5es, o \u00f4nibus saiu da pista e tombou, possivelmente devido ao gelo sobre a estrada. O ve\u00edculo transportava trabalhadores que atuam na colheita de ma\u00e7\u00e3.<\/p>\n\n\n\n<figure class=\"wp-block-image size-full\"><img loading=\"lazy\" decoding=\"async\" width=\"300\" height=\"180\" src=\"https:\/\/radiostudiow.com.br\/site\/wp-content\/uploads\/2024\/04\/SITE-PEQUENO-1.png\" alt=\"\" class=\"wp-image-21868\"\/><\/figure>\n\n\n\n<p>V\u00e1rios passageiros ficaram feridos, mas o n\u00famero exato de v\u00edtimas e suas identidades ainda n\u00e3o foram divulgados. Equipes de socorro de General Carneiro est\u00e3o no local prestando atendimento.<\/p>\n\n\n\n<p>Vale destacar que General Carneiro registrou temperaturas abaixo de zero na manh\u00e3 desta segunda-feira, o que pode ter contribu\u00eddo para o acidente.<\/p>\n","protected":false},"excerpt":{"rendered":"<p>Nas primeiras horas da manh\u00e3 desta segunda-feira, 26 de agosto, um grave acidente envolvendo um \u00f4nibus com trabalhadores de General Carneiro ocorreu na BR-153, pr\u00f3ximo ao trevo de acesso a Ca\u00e7ador. Segundo informa\u00e7\u00f5es, o \u00f4nibus saiu da pista e tombou, possivelmente devido ao gelo sobre a estrada. O ve\u00edculo transportava trabalhadores que atuam na colheita [&hellip;]<\/p>\n","protected":false},"author":2,"featured_media":26457,"comment_status":"open","ping_status":"open","sticky":false,"template":"","format":"standard","meta":{"footnotes":""},"categories":[185],"tags":[172],"class_list":["post-26456","post","type-post","status-publish","format-standard","has-post-thumbnail","hentry","category-regional","tag-featured"],"amp_enabled":true,"_links":{"self":[{"href":"https:\/\/radiostudiow.com.br\/site\/wp-json\/wp\/v2\/posts\/26456","targetHints":{"allow":["GET"]}}],"collection":[{"href":"https:\/\/radiostudiow.com.br\/site\/wp-json\/wp\/v2\/posts"}],"about":[{"href":"https:\/\/radiostudiow.com.br\/site\/wp-json\/wp\/v2\/types\/post"}],"author":[{"embeddable":true,"href":"https:\/\/radiostudiow.com.br\/site\/wp-json\/wp\/v2\/users\/2"}],"replies":[{"embeddable":true,"href":"https:\/\/radiostudiow.com.br\/site\/wp-json\/wp\/v2\/comments?post=26456"}],"version-history":[{"count":1,"href":"https:\/\/radiostudiow.com.br\/site\/wp-json\/wp\/v2\/posts\/26456\/revisions"}],"predecessor-version":[{"id":26458,"href":"https:\/\/radiostudiow.com.br\/site\/wp-json\/wp\/v2\/posts\/26456\/revisions\/26458"}],"wp:featuredmedia":[{"embeddable":true,"href":"https:\/\/radiostudiow.com.br\/site\/wp-json\/wp\/v2\/media\/26457"}],"wp:attachment":[{"href":"https:\/\/radiostudiow.com.br\/site\/wp-json\/wp\/v2\/media?parent=26456"}],"wp:term":[{"taxonomy":"category","embeddable":true,"href":"https:\/\/radiostudiow.com.br\/site\/wp-json\/wp\/v2\/categories?post=26456"},{"taxonomy":"post_tag","embeddable":true,"href":"https:\/\/radiostudiow.com.br\/site\/wp-json\/wp\/v2\/tags?post=26456"}],"curies":[{"name":"wp","href":"https:\/\/api.w.org\/{rel}","templated":true}]}}