{"id":26463,"date":"2024-08-26T10:46:42","date_gmt":"2024-08-26T13:46:42","guid":{"rendered":"https:\/\/radiostudiow.com.br\/site\/?p=26463"},"modified":"2025-01-31T14:58:59","modified_gmt":"2025-01-31T17:58:59","slug":"acidente-envolve-tres-veiculos-uma-moto-e-deixa-um-ferido-em-uniao-da-vitoria","status":"publish","type":"post","link":"https:\/\/radiostudiow.com.br\/site\/2024\/08\/26\/acidente-envolve-tres-veiculos-uma-moto-e-deixa-um-ferido-em-uniao-da-vitoria\/","title":{"rendered":"Acidente envolve tr\u00eas ve\u00edculos uma moto e deixa um ferido em Uni\u00e3o da Vit\u00f3ria"},"content":{"rendered":"\n<p>Um acidente foi registrado na tarde deste s\u00e1bado, 24, no cruzamento das ruas S\u00e3o Crist\u00f3v\u00e3o e Wilson Alves, no bairro S\u00e3o Braz em Uni\u00e3o da Vit\u00f3ria. A colis\u00e3o envolveu dois ve\u00edculos, um VW\/Golf e um VW\/Gol, resultando em danos materiais e deixando um homem ferido.<\/p>\n\n\n\n<figure class=\"wp-block-image size-large\"><img loading=\"lazy\" decoding=\"async\" width=\"1024\" height=\"390\" src=\"https:\/\/radiostudiow.com.br\/site\/wp-content\/uploads\/2024\/06\/449383450_900410565459867_7398886830294326458_n-1024x390.png\" alt=\"\" class=\"wp-image-24042\" srcset=\"https:\/\/radiostudiow.com.br\/site\/wp-content\/uploads\/2024\/06\/449383450_900410565459867_7398886830294326458_n-1024x390.png 1024w, https:\/\/radiostudiow.com.br\/site\/wp-content\/uploads\/2024\/06\/449383450_900410565459867_7398886830294326458_n-300x114.png 300w, https:\/\/radiostudiow.com.br\/site\/wp-content\/uploads\/2024\/06\/449383450_900410565459867_7398886830294326458_n-768x292.png 768w, https:\/\/radiostudiow.com.br\/site\/wp-content\/uploads\/2024\/06\/449383450_900410565459867_7398886830294326458_n-1536x584.png 1536w, https:\/\/radiostudiow.com.br\/site\/wp-content\/uploads\/2024\/06\/449383450_900410565459867_7398886830294326458_n-2048x779.png 2048w\" sizes=\"auto, (max-width: 1024px) 100vw, 1024px\" \/><\/figure>\n\n\n\n<p>Segundo informa\u00e7\u00f5es de testemunhas, com o impacto da colis\u00e3o, o Gol foi arremessado para dentro do p\u00e1tio de uma resid\u00eancia, onde quebrou a cerca e atingiu um Fiat\/Palio que estava estacionado no local. Al\u00e9m disso, uma motocicleta que estava estacionada na rua tamb\u00e9m foi atingida.<\/p>\n\n\n\n<p>Um senhor de 58 anos cuja identidade n\u00e3o foi divulgada, foi encaminhado ao hospital. Ele era o condutor do Gol e segundo relatos pode ter sofrido um mal s\u00fabito. A press\u00e3o arterial dele estava bastante alterada. Ele foi encaminhado pelo Samu at\u00e9 o hospital.<\/p>\n\n\n<div class=\"wp-block-image\">\n<figure class=\"alignleft\"><img decoding=\"async\" src=\"https:\/\/static5.vvale.com.br\/wp-content\/uploads\/2024\/08\/WhatsApp-Image-2024-08-24-at-17.57.53-720x598.jpeg\" alt=\"\" class=\"wp-image-548176\"\/><\/figure>\n<\/div>","protected":false},"excerpt":{"rendered":"<p>Um acidente foi registrado na tarde deste s\u00e1bado, 24, no cruzamento das ruas S\u00e3o Crist\u00f3v\u00e3o e Wilson Alves, no bairro S\u00e3o Braz em Uni\u00e3o da Vit\u00f3ria. A colis\u00e3o envolveu dois ve\u00edculos, um VW\/Golf e um VW\/Gol, resultando em danos materiais e deixando um homem ferido. Segundo informa\u00e7\u00f5es de testemunhas, com o impacto da colis\u00e3o, o [&hellip;]<\/p>\n","protected":false},"author":2,"featured_media":26464,"comment_status":"open","ping_status":"open","sticky":false,"template":"","format":"standard","meta":{"footnotes":""},"categories":[185],"tags":[172],"class_list":["post-26463","post","type-post","status-publish","format-standard","has-post-thumbnail","hentry","category-regional","tag-featured"],"amp_enabled":true,"_links":{"self":[{"href":"https:\/\/radiostudiow.com.br\/site\/wp-json\/wp\/v2\/posts\/26463","targetHints":{"allow":["GET"]}}],"collection":[{"href":"https:\/\/radiostudiow.com.br\/site\/wp-json\/wp\/v2\/posts"}],"about":[{"href":"https:\/\/radiostudiow.com.br\/site\/wp-json\/wp\/v2\/types\/post"}],"author":[{"embeddable":true,"href":"https:\/\/radiostudiow.com.br\/site\/wp-json\/wp\/v2\/users\/2"}],"replies":[{"embeddable":true,"href":"https:\/\/radiostudiow.com.br\/site\/wp-json\/wp\/v2\/comments?post=26463"}],"version-history":[{"count":1,"href":"https:\/\/radiostudiow.com.br\/site\/wp-json\/wp\/v2\/posts\/26463\/revisions"}],"predecessor-version":[{"id":26465,"href":"https:\/\/radiostudiow.com.br\/site\/wp-json\/wp\/v2\/posts\/26463\/revisions\/26465"}],"wp:featuredmedia":[{"embeddable":true,"href":"https:\/\/radiostudiow.com.br\/site\/wp-json\/wp\/v2\/media\/26464"}],"wp:attachment":[{"href":"https:\/\/radiostudiow.com.br\/site\/wp-json\/wp\/v2\/media?parent=26463"}],"wp:term":[{"taxonomy":"category","embeddable":true,"href":"https:\/\/radiostudiow.com.br\/site\/wp-json\/wp\/v2\/categories?post=26463"},{"taxonomy":"post_tag","embeddable":true,"href":"https:\/\/radiostudiow.com.br\/site\/wp-json\/wp\/v2\/tags?post=26463"}],"curies":[{"name":"wp","href":"https:\/\/api.w.org\/{rel}","templated":true}]}}