{"id":26472,"date":"2024-08-26T11:56:31","date_gmt":"2024-08-26T14:56:31","guid":{"rendered":"https:\/\/radiostudiow.com.br\/site\/?p=26472"},"modified":"2025-01-31T14:58:58","modified_gmt":"2025-01-31T17:58:58","slug":"segunda-vitima-de-acidente-esposa-de-tilo-nao-resiste-e-morre-no-hospital","status":"publish","type":"post","link":"https:\/\/radiostudiow.com.br\/site\/2024\/08\/26\/segunda-vitima-de-acidente-esposa-de-tilo-nao-resiste-e-morre-no-hospital\/","title":{"rendered":"Morreu segunda v\u00edtima de acidente em Irine\u00f3polis. Esposa de Tilo, n\u00e3o resistiu e morreu no hospital"},"content":{"rendered":"\n<p>Nesta segunda-feira, 26 de agosto, foi confirmada a morte de Dona Apolonia Koch, esposa da v\u00edtima fatal Jos\u00e9 Otilo Koch, conhecido como Tilo.<\/p>\n\n\n\n<p>Ela havia sido socorrida em estado grave ap\u00f3s o acidente ocorrido por volta das 19h13 da quinta-feira, 22 de agosto, na BR-280 a cerca de 2 km do acesso principal de Irine\u00f3polis sentido Canoinhas.<\/p>\n\n\n\n<figure class=\"wp-block-image size-full\"><img loading=\"lazy\" decoding=\"async\" width=\"897\" height=\"204\" src=\"https:\/\/radiostudiow.com.br\/site\/wp-content\/uploads\/2024\/04\/image-37.png\" alt=\"\" class=\"wp-image-21305\" srcset=\"https:\/\/radiostudiow.com.br\/site\/wp-content\/uploads\/2024\/04\/image-37.png 897w, https:\/\/radiostudiow.com.br\/site\/wp-content\/uploads\/2024\/04\/image-37-300x68.png 300w, https:\/\/radiostudiow.com.br\/site\/wp-content\/uploads\/2024\/04\/image-37-768x175.png 768w\" sizes=\"auto, (max-width: 897px) 100vw, 897px\" \/><\/figure>\n\n\n\n<p>A colis\u00e3o frontal, que envolveu um Fiat\/Strada com placas Mercosul e um Honda\/Civic, resultou na morte imediata de Tilo no local do acidente.<\/p>\n\n\n\n<p>Dona Apolonia que foi encaminhada ao hospital de Porto Uni\u00e3o em estado cr\u00edtico, infelizmente n\u00e3o resistiu aos ferimentos e veio a \u00f3bito. O condutor do Honda\/Civic tamb\u00e9m sofreu ferimentos e foi hospitalizado, recebendo os cuidados necess\u00e1rios.<\/p>\n\n\n\n<figure class=\"wp-block-image size-full is-resized\"><img loading=\"lazy\" decoding=\"async\" width=\"600\" height=\"600\" src=\"https:\/\/radiostudiow.com.br\/site\/wp-content\/uploads\/2024\/08\/image-57.png\" alt=\"\" class=\"wp-image-26473\" style=\"width:601px;height:auto\" srcset=\"https:\/\/radiostudiow.com.br\/site\/wp-content\/uploads\/2024\/08\/image-57.png 600w, https:\/\/radiostudiow.com.br\/site\/wp-content\/uploads\/2024\/08\/image-57-300x300.png 300w, https:\/\/radiostudiow.com.br\/site\/wp-content\/uploads\/2024\/08\/image-57-80x80.png 80w\" sizes=\"auto, (max-width: 600px) 100vw, 600px\" \/><\/figure>\n\n\n\n<h2 class=\"wp-block-heading\"><strong>RELEMBRE O CASO:<\/strong><\/h2>\n\n\n\n<figure class=\"wp-block-embed is-type-wp-embed is-provider-studio-w wp-block-embed-studio-w\"><div class=\"wp-block-embed__wrapper\">\n<blockquote class=\"wp-embedded-content\" data-secret=\"TfZyTerPpB\"><a href=\"https:\/\/radiostudiow.com.br\/site\/2024\/08\/23\/colisao-frontal-em-irineopolis-deixa-uma-vitima-fatal-e-dois-feridos\/\">Acidente grave em Irine\u00f3polis deixa uma v\u00edtima fatal, uma pessoa em estado grave e outra ferida<\/a><\/blockquote><iframe loading=\"lazy\" class=\"wp-embedded-content\" sandbox=\"allow-scripts\" security=\"restricted\" style=\"position: absolute; visibility: hidden;\" title=\"&#8220;Acidente grave em Irine\u00f3polis deixa uma v\u00edtima fatal, uma pessoa em estado grave e outra ferida&#8221; &#8212; Studio W\" src=\"https:\/\/radiostudiow.com.br\/site\/2024\/08\/23\/colisao-frontal-em-irineopolis-deixa-uma-vitima-fatal-e-dois-feridos\/embed\/#?secret=wlg6K8HJLH#?secret=TfZyTerPpB\" data-secret=\"TfZyTerPpB\" width=\"600\" height=\"338\" frameborder=\"0\" marginwidth=\"0\" marginheight=\"0\" scrolling=\"no\"><\/iframe>\n<\/div><\/figure>\n\n\n\n<p><\/p>\n","protected":false},"excerpt":{"rendered":"<p>Nesta segunda-feira, 26 de agosto, foi confirmada a morte de Dona Apolonia Koch, esposa da v\u00edtima fatal Jos\u00e9 Otilo Koch, conhecido como Tilo. Ela havia sido socorrida em estado grave ap\u00f3s o acidente ocorrido por volta das 19h13 da quinta-feira, 22 de agosto, na BR-280 a cerca de 2 km do acesso principal de Irine\u00f3polis [&hellip;]<\/p>\n","protected":false},"author":2,"featured_media":26492,"comment_status":"open","ping_status":"open","sticky":false,"template":"","format":"standard","meta":{"footnotes":""},"categories":[185],"tags":[172],"class_list":["post-26472","post","type-post","status-publish","format-standard","has-post-thumbnail","hentry","category-regional","tag-featured"],"amp_enabled":true,"_links":{"self":[{"href":"https:\/\/radiostudiow.com.br\/site\/wp-json\/wp\/v2\/posts\/26472","targetHints":{"allow":["GET"]}}],"collection":[{"href":"https:\/\/radiostudiow.com.br\/site\/wp-json\/wp\/v2\/posts"}],"about":[{"href":"https:\/\/radiostudiow.com.br\/site\/wp-json\/wp\/v2\/types\/post"}],"author":[{"embeddable":true,"href":"https:\/\/radiostudiow.com.br\/site\/wp-json\/wp\/v2\/users\/2"}],"replies":[{"embeddable":true,"href":"https:\/\/radiostudiow.com.br\/site\/wp-json\/wp\/v2\/comments?post=26472"}],"version-history":[{"count":3,"href":"https:\/\/radiostudiow.com.br\/site\/wp-json\/wp\/v2\/posts\/26472\/revisions"}],"predecessor-version":[{"id":26495,"href":"https:\/\/radiostudiow.com.br\/site\/wp-json\/wp\/v2\/posts\/26472\/revisions\/26495"}],"wp:featuredmedia":[{"embeddable":true,"href":"https:\/\/radiostudiow.com.br\/site\/wp-json\/wp\/v2\/media\/26492"}],"wp:attachment":[{"href":"https:\/\/radiostudiow.com.br\/site\/wp-json\/wp\/v2\/media?parent=26472"}],"wp:term":[{"taxonomy":"category","embeddable":true,"href":"https:\/\/radiostudiow.com.br\/site\/wp-json\/wp\/v2\/categories?post=26472"},{"taxonomy":"post_tag","embeddable":true,"href":"https:\/\/radiostudiow.com.br\/site\/wp-json\/wp\/v2\/tags?post=26472"}],"curies":[{"name":"wp","href":"https:\/\/api.w.org\/{rel}","templated":true}]}}