{"id":26475,"date":"2024-08-26T11:07:37","date_gmt":"2024-08-26T14:07:37","guid":{"rendered":"https:\/\/radiostudiow.com.br\/site\/?p=26475"},"modified":"2025-01-31T14:58:58","modified_gmt":"2025-01-31T17:58:58","slug":"morre-jovem-de-19-anos-que-foi-atropelado-na-br-476-em-sao-mateus-do-sul","status":"publish","type":"post","link":"https:\/\/radiostudiow.com.br\/site\/2024\/08\/26\/morre-jovem-de-19-anos-que-foi-atropelado-na-br-476-em-sao-mateus-do-sul\/","title":{"rendered":"Morre jovem de 19 anos que foi atropelado na BR-476, em S\u00e3o Mateus do Sul"},"content":{"rendered":"\n<p>Morreu o jovem que foi atropelado na BR-476, pr\u00f3ximo ao posto desativado da Pol\u00edcia Rodovi\u00e1ria Federal (PRF) por volta de 19:15 horas deste s\u00e1bado (24).<a href=\"https:\/\/www.instagram.com\/amcgcamposgerais\/?hl=pt-br\" target=\"_blank\" rel=\"noreferrer noopener\"><\/a><\/p>\n\n\n\n<p>Thiago Jos\u00e9 Madzgala Cardoso, de 19 anos, chegou a ser atendido com ferimentos graves na regi\u00e3o da cabe\u00e7a e estava inconsciente ap\u00f3s um atropelamento, onde foram feita as t\u00e9cnicas de reanima\u00e7\u00e3o, por\u00e9m foi encaminhado ao Pronto Atendimento de S\u00e3o Mateus do Sul e acabou n\u00e3o resistindo aos ferimentos.<\/p>\n\n\n\n<figure class=\"wp-block-image size-full\"><img loading=\"lazy\" decoding=\"async\" width=\"897\" height=\"204\" src=\"https:\/\/radiostudiow.com.br\/site\/wp-content\/uploads\/2024\/04\/image-18.png\" alt=\"\" class=\"wp-image-21207\" srcset=\"https:\/\/radiostudiow.com.br\/site\/wp-content\/uploads\/2024\/04\/image-18.png 897w, https:\/\/radiostudiow.com.br\/site\/wp-content\/uploads\/2024\/04\/image-18-300x68.png 300w, https:\/\/radiostudiow.com.br\/site\/wp-content\/uploads\/2024\/04\/image-18-768x175.png 768w\" sizes=\"auto, (max-width: 897px) 100vw, 897px\" \/><\/figure>\n\n\n\n<p>O condutor e demais passageiros do ve\u00edculo permaneceram no local. O Corpo de Bombeiros e o Samu atenderam a ocorr\u00eancia.<\/p>\n\n\n\n<p>O corpo foi encaminhado ao Instituto M\u00e9dico Legal (IML) de Uni\u00e3o da Vit\u00f3ria, e ap\u00f3s liberado, ser\u00e1 trasladado para S\u00e3o Mateus do Sul.<\/p>\n","protected":false},"excerpt":{"rendered":"<p>Morreu o jovem que foi atropelado na BR-476, pr\u00f3ximo ao posto desativado da Pol\u00edcia Rodovi\u00e1ria Federal (PRF) por volta de 19:15 horas deste s\u00e1bado (24). Thiago Jos\u00e9 Madzgala Cardoso, de 19 anos, chegou a ser atendido com ferimentos graves na regi\u00e3o da cabe\u00e7a e estava inconsciente ap\u00f3s um atropelamento, onde foram feita as t\u00e9cnicas de [&hellip;]<\/p>\n","protected":false},"author":2,"featured_media":26476,"comment_status":"open","ping_status":"open","sticky":false,"template":"","format":"standard","meta":{"footnotes":""},"categories":[185],"tags":[172],"class_list":["post-26475","post","type-post","status-publish","format-standard","has-post-thumbnail","hentry","category-regional","tag-featured"],"amp_enabled":true,"_links":{"self":[{"href":"https:\/\/radiostudiow.com.br\/site\/wp-json\/wp\/v2\/posts\/26475","targetHints":{"allow":["GET"]}}],"collection":[{"href":"https:\/\/radiostudiow.com.br\/site\/wp-json\/wp\/v2\/posts"}],"about":[{"href":"https:\/\/radiostudiow.com.br\/site\/wp-json\/wp\/v2\/types\/post"}],"author":[{"embeddable":true,"href":"https:\/\/radiostudiow.com.br\/site\/wp-json\/wp\/v2\/users\/2"}],"replies":[{"embeddable":true,"href":"https:\/\/radiostudiow.com.br\/site\/wp-json\/wp\/v2\/comments?post=26475"}],"version-history":[{"count":2,"href":"https:\/\/radiostudiow.com.br\/site\/wp-json\/wp\/v2\/posts\/26475\/revisions"}],"predecessor-version":[{"id":26490,"href":"https:\/\/radiostudiow.com.br\/site\/wp-json\/wp\/v2\/posts\/26475\/revisions\/26490"}],"wp:featuredmedia":[{"embeddable":true,"href":"https:\/\/radiostudiow.com.br\/site\/wp-json\/wp\/v2\/media\/26476"}],"wp:attachment":[{"href":"https:\/\/radiostudiow.com.br\/site\/wp-json\/wp\/v2\/media?parent=26475"}],"wp:term":[{"taxonomy":"category","embeddable":true,"href":"https:\/\/radiostudiow.com.br\/site\/wp-json\/wp\/v2\/categories?post=26475"},{"taxonomy":"post_tag","embeddable":true,"href":"https:\/\/radiostudiow.com.br\/site\/wp-json\/wp\/v2\/tags?post=26475"}],"curies":[{"name":"wp","href":"https:\/\/api.w.org\/{rel}","templated":true}]}}