{"id":26478,"date":"2024-08-26T11:43:22","date_gmt":"2024-08-26T14:43:22","guid":{"rendered":"https:\/\/radiostudiow.com.br\/site\/?p=26478"},"modified":"2025-01-31T14:58:58","modified_gmt":"2025-01-31T17:58:58","slug":"prejuizo-apos-furto-em-empresa-de-general-carneiro-passa-de-50-mil-reais","status":"publish","type":"post","link":"https:\/\/radiostudiow.com.br\/site\/2024\/08\/26\/prejuizo-apos-furto-em-empresa-de-general-carneiro-passa-de-50-mil-reais\/","title":{"rendered":"Preju\u00edzo ap\u00f3s furto em empresa de General Carneiro passa de 50 mil reais"},"content":{"rendered":"\n<figure class=\"wp-block-image size-full\"><img loading=\"lazy\" decoding=\"async\" width=\"598\" height=\"204\" src=\"https:\/\/radiostudiow.com.br\/site\/wp-content\/uploads\/2024\/04\/image-39.png\" alt=\"\" class=\"wp-image-21311\" srcset=\"https:\/\/radiostudiow.com.br\/site\/wp-content\/uploads\/2024\/04\/image-39.png 598w, https:\/\/radiostudiow.com.br\/site\/wp-content\/uploads\/2024\/04\/image-39-300x102.png 300w\" sizes=\"auto, (max-width: 598px) 100vw, 598px\" \/><\/figure>\n\n\n\n<p>Uma empresa da cidade de General Carneiro foi alvo de um furto durante o final de semana. O caso foi registrado na Pol\u00edcia Militar por volta das 09 horas deste domingo (25).<\/p>\n\n\n\n<p>De acordo com informa\u00e7\u00f5es, o solicitante relatou que chegou no barrac\u00e3o da empresa e constatou que v\u00e1rias ferramentas haviam sido furtadas. N\u00e3o h\u00e1 informa\u00e7\u00f5es sobre quem possa ter cometido o crime.<\/p>\n\n\n\n<p>O solicitante n\u00e3o possu\u00eda uma rela\u00e7\u00e3o completa das ferramentas furtadas, no entanto, repassou que o preju\u00edzo inicial \u00e9 avaliado em R$ 50 mil reais. O caso foi registrado e repassado para investiga\u00e7\u00e3o.<\/p>\n\n\n\n<figure class=\"wp-block-image size-full\"><img loading=\"lazy\" decoding=\"async\" width=\"300\" height=\"180\" src=\"https:\/\/radiostudiow.com.br\/site\/wp-content\/uploads\/2024\/04\/image-26.png\" alt=\"\" class=\"wp-image-21279\"\/><\/figure>\n\n\n\n<p><em>A dire\u00e7\u00e3o da empresa entrou em contato com a reportagem do CANAL 4 e repassou que est\u00e1 oferecendo uma \u00f3tima recompensa em dinheiro, para quem tiver alguma informa\u00e7\u00e3o sobre o furto.<\/em><\/p>\n","protected":false},"excerpt":{"rendered":"<p>Uma empresa da cidade de General Carneiro foi alvo de um furto durante o final de semana. O caso foi registrado na Pol\u00edcia Militar por volta das 09 horas deste domingo (25). De acordo com informa\u00e7\u00f5es, o solicitante relatou que chegou no barrac\u00e3o da empresa e constatou que v\u00e1rias ferramentas haviam sido furtadas. N\u00e3o h\u00e1 [&hellip;]<\/p>\n","protected":false},"author":2,"featured_media":20848,"comment_status":"open","ping_status":"open","sticky":false,"template":"","format":"standard","meta":{"footnotes":""},"categories":[2],"tags":[172],"class_list":["post-26478","post","type-post","status-publish","format-standard","has-post-thumbnail","hentry","category-policial","tag-featured"],"amp_enabled":true,"_links":{"self":[{"href":"https:\/\/radiostudiow.com.br\/site\/wp-json\/wp\/v2\/posts\/26478","targetHints":{"allow":["GET"]}}],"collection":[{"href":"https:\/\/radiostudiow.com.br\/site\/wp-json\/wp\/v2\/posts"}],"about":[{"href":"https:\/\/radiostudiow.com.br\/site\/wp-json\/wp\/v2\/types\/post"}],"author":[{"embeddable":true,"href":"https:\/\/radiostudiow.com.br\/site\/wp-json\/wp\/v2\/users\/2"}],"replies":[{"embeddable":true,"href":"https:\/\/radiostudiow.com.br\/site\/wp-json\/wp\/v2\/comments?post=26478"}],"version-history":[{"count":2,"href":"https:\/\/radiostudiow.com.br\/site\/wp-json\/wp\/v2\/posts\/26478\/revisions"}],"predecessor-version":[{"id":26491,"href":"https:\/\/radiostudiow.com.br\/site\/wp-json\/wp\/v2\/posts\/26478\/revisions\/26491"}],"wp:featuredmedia":[{"embeddable":true,"href":"https:\/\/radiostudiow.com.br\/site\/wp-json\/wp\/v2\/media\/20848"}],"wp:attachment":[{"href":"https:\/\/radiostudiow.com.br\/site\/wp-json\/wp\/v2\/media?parent=26478"}],"wp:term":[{"taxonomy":"category","embeddable":true,"href":"https:\/\/radiostudiow.com.br\/site\/wp-json\/wp\/v2\/categories?post=26478"},{"taxonomy":"post_tag","embeddable":true,"href":"https:\/\/radiostudiow.com.br\/site\/wp-json\/wp\/v2\/tags?post=26478"}],"curies":[{"name":"wp","href":"https:\/\/api.w.org\/{rel}","templated":true}]}}