{"id":26483,"date":"2024-08-26T11:03:29","date_gmt":"2024-08-26T14:03:29","guid":{"rendered":"https:\/\/radiostudiow.com.br\/site\/?p=26483"},"modified":"2025-01-31T14:58:58","modified_gmt":"2025-01-31T17:58:58","slug":"quatro-pessoas-ficam-feridas-apos-acidente-entre-dois-veiculos-na-pr-151-entre-sao-joao-do-triunfo-e-palmeira","status":"publish","type":"post","link":"https:\/\/radiostudiow.com.br\/site\/2024\/08\/26\/quatro-pessoas-ficam-feridas-apos-acidente-entre-dois-veiculos-na-pr-151-entre-sao-joao-do-triunfo-e-palmeira\/","title":{"rendered":"Quatro pessoas ficam feridas ap\u00f3s acidente entre dois ve\u00edculos na PR-151, entre S\u00e3o Jo\u00e3o do Triunfo e Palmeira"},"content":{"rendered":"\n<figure class=\"wp-block-image size-full\"><img loading=\"lazy\" decoding=\"async\" width=\"598\" height=\"204\" src=\"https:\/\/radiostudiow.com.br\/site\/wp-content\/uploads\/2024\/04\/image-29.png\" alt=\"\" class=\"wp-image-21283\" srcset=\"https:\/\/radiostudiow.com.br\/site\/wp-content\/uploads\/2024\/04\/image-29.png 598w, https:\/\/radiostudiow.com.br\/site\/wp-content\/uploads\/2024\/04\/image-29-300x102.png 300w\" sizes=\"auto, (max-width: 598px) 100vw, 598px\" \/><\/figure>\n\n\n\n<p>Quatro pessoas ficaram feridas, entre elas uma crian\u00e7a de cinco anos, ap\u00f3s se envolverem em um grave acidente na tarde deste domingo (25), na PR-151, na altura do quil\u00f4metro 401, na localidade de Faxinal dos Silva, em Palmeira.<\/p>\n\n\n\n<p>A Pol\u00edcia Rodovi\u00e1ria Estadual (PRE) informou ao&nbsp;<strong>Portal RDX<\/strong>&nbsp;que o acidente foi do tipo colis\u00e3o lateral, envolvendo um Ford\/Del Rey de cor azul e um Fiat\/Argo de cor vermelha. As placas dos ve\u00edculos n\u00e3o foram divulgadas.<\/p>\n\n\n\n<figure class=\"wp-block-image size-large\"><img loading=\"lazy\" decoding=\"async\" width=\"1024\" height=\"769\" src=\"https:\/\/radiostudiow.com.br\/site\/wp-content\/uploads\/2024\/08\/image-60-1024x769.png\" alt=\"\" class=\"wp-image-26484\" srcset=\"https:\/\/radiostudiow.com.br\/site\/wp-content\/uploads\/2024\/08\/image-60-1024x769.png 1024w, https:\/\/radiostudiow.com.br\/site\/wp-content\/uploads\/2024\/08\/image-60-300x225.png 300w, https:\/\/radiostudiow.com.br\/site\/wp-content\/uploads\/2024\/08\/image-60-768x577.png 768w, https:\/\/radiostudiow.com.br\/site\/wp-content\/uploads\/2024\/08\/image-60.png 1068w\" sizes=\"auto, (max-width: 1024px) 100vw, 1024px\" \/><figcaption class=\"wp-element-caption\">Foto: PRE\/Divulga\u00e7\u00e3o.<\/figcaption><\/figure>\n\n\n\n<p>Ainda segundo a PRE, a crian\u00e7a de cinco anos estava sendo transportada no Del Rey sem o uso de cadeirinha, e com isso, foi socorrida em estado grave ao hospital de Palmeira. Uma mulher de 22 anos tamb\u00e9m sofreu ferimentos moderados, enquanto que um rapaz de 22 anos teve ferimentos leves. N\u00e3o foi divulgado o estado cl\u00ednico da quarta v\u00edtima do acidente.<\/p>\n\n\n\n<p>As equipes do Corpo de Bombeiros e Samu de Palmeira atenderam a ocorr\u00eancia.<\/p>\n\n\n\n<figure class=\"wp-block-image size-full\"><img loading=\"lazy\" decoding=\"async\" width=\"897\" height=\"204\" src=\"https:\/\/radiostudiow.com.br\/site\/wp-content\/uploads\/2024\/04\/image-51.png\" alt=\"\" class=\"wp-image-21370\" srcset=\"https:\/\/radiostudiow.com.br\/site\/wp-content\/uploads\/2024\/04\/image-51.png 897w, https:\/\/radiostudiow.com.br\/site\/wp-content\/uploads\/2024\/04\/image-51-300x68.png 300w, https:\/\/radiostudiow.com.br\/site\/wp-content\/uploads\/2024\/04\/image-51-768x175.png 768w\" sizes=\"auto, (max-width: 897px) 100vw, 897px\" \/><\/figure>\n\n\n\n<figure class=\"wp-block-image size-full\"><img loading=\"lazy\" decoding=\"async\" width=\"768\" height=\"1024\" src=\"https:\/\/radiostudiow.com.br\/site\/wp-content\/uploads\/2024\/08\/image-61.png\" alt=\"\" class=\"wp-image-26485\" srcset=\"https:\/\/radiostudiow.com.br\/site\/wp-content\/uploads\/2024\/08\/image-61.png 768w, https:\/\/radiostudiow.com.br\/site\/wp-content\/uploads\/2024\/08\/image-61-225x300.png 225w\" sizes=\"auto, (max-width: 768px) 100vw, 768px\" \/><figcaption class=\"wp-element-caption\">Foto: PRE\/Divulga\u00e7\u00e3o.<br><\/figcaption><\/figure>\n","protected":false},"excerpt":{"rendered":"<p>Quatro pessoas ficaram feridas, entre elas uma crian\u00e7a de cinco anos, ap\u00f3s se envolverem em um grave acidente na tarde deste domingo (25), na PR-151, na altura do quil\u00f4metro 401, na localidade de Faxinal dos Silva, em Palmeira. A Pol\u00edcia Rodovi\u00e1ria Estadual (PRE) informou ao&nbsp;Portal RDX&nbsp;que o acidente foi do tipo colis\u00e3o lateral, envolvendo um [&hellip;]<\/p>\n","protected":false},"author":2,"featured_media":26486,"comment_status":"open","ping_status":"open","sticky":false,"template":"","format":"standard","meta":{"footnotes":""},"categories":[185],"tags":[172],"class_list":["post-26483","post","type-post","status-publish","format-standard","has-post-thumbnail","hentry","category-regional","tag-featured"],"amp_enabled":true,"_links":{"self":[{"href":"https:\/\/radiostudiow.com.br\/site\/wp-json\/wp\/v2\/posts\/26483","targetHints":{"allow":["GET"]}}],"collection":[{"href":"https:\/\/radiostudiow.com.br\/site\/wp-json\/wp\/v2\/posts"}],"about":[{"href":"https:\/\/radiostudiow.com.br\/site\/wp-json\/wp\/v2\/types\/post"}],"author":[{"embeddable":true,"href":"https:\/\/radiostudiow.com.br\/site\/wp-json\/wp\/v2\/users\/2"}],"replies":[{"embeddable":true,"href":"https:\/\/radiostudiow.com.br\/site\/wp-json\/wp\/v2\/comments?post=26483"}],"version-history":[{"count":2,"href":"https:\/\/radiostudiow.com.br\/site\/wp-json\/wp\/v2\/posts\/26483\/revisions"}],"predecessor-version":[{"id":26488,"href":"https:\/\/radiostudiow.com.br\/site\/wp-json\/wp\/v2\/posts\/26483\/revisions\/26488"}],"wp:featuredmedia":[{"embeddable":true,"href":"https:\/\/radiostudiow.com.br\/site\/wp-json\/wp\/v2\/media\/26486"}],"wp:attachment":[{"href":"https:\/\/radiostudiow.com.br\/site\/wp-json\/wp\/v2\/media?parent=26483"}],"wp:term":[{"taxonomy":"category","embeddable":true,"href":"https:\/\/radiostudiow.com.br\/site\/wp-json\/wp\/v2\/categories?post=26483"},{"taxonomy":"post_tag","embeddable":true,"href":"https:\/\/radiostudiow.com.br\/site\/wp-json\/wp\/v2\/tags?post=26483"}],"curies":[{"name":"wp","href":"https:\/\/api.w.org\/{rel}","templated":true}]}}