{"id":26514,"date":"2024-08-27T09:14:06","date_gmt":"2024-08-27T12:14:06","guid":{"rendered":"https:\/\/radiostudiow.com.br\/site\/?p=26514"},"modified":"2025-01-31T14:58:58","modified_gmt":"2025-01-31T17:58:58","slug":"colegio-dario-veloso-conquista-3o-lugar-no-ideb-2023","status":"publish","type":"post","link":"https:\/\/radiostudiow.com.br\/site\/2024\/08\/27\/colegio-dario-veloso-conquista-3o-lugar-no-ideb-2023\/","title":{"rendered":"Col\u00e9gio Dario Veloso Conquista 3\u00ba Lugar no IDEB 2023"},"content":{"rendered":"\n<p>Na \u00faltima semana, foram divulgados os resultados do \u00cdndice de Desenvolvimento da Educa\u00e7\u00e3o B\u00e1sica (IDEB) de 2023, e o Col\u00e9gio Dario Veloso se destacou ao alcan\u00e7ar o 3\u00ba lugar entre as escolas das cidades de Irati, Rebou\u00e7as, Fernandes Pinheiro e Prudent\u00f3polis.<\/p>\n\n\n\n<figure class=\"wp-block-image size-large\"><img loading=\"lazy\" decoding=\"async\" width=\"1024\" height=\"390\" src=\"https:\/\/radiostudiow.com.br\/site\/wp-content\/uploads\/2024\/06\/449383450_900410565459867_7398886830294326458_n-1024x390.png\" alt=\"\" class=\"wp-image-24042\" srcset=\"https:\/\/radiostudiow.com.br\/site\/wp-content\/uploads\/2024\/06\/449383450_900410565459867_7398886830294326458_n-1024x390.png 1024w, https:\/\/radiostudiow.com.br\/site\/wp-content\/uploads\/2024\/06\/449383450_900410565459867_7398886830294326458_n-300x114.png 300w, https:\/\/radiostudiow.com.br\/site\/wp-content\/uploads\/2024\/06\/449383450_900410565459867_7398886830294326458_n-768x292.png 768w, https:\/\/radiostudiow.com.br\/site\/wp-content\/uploads\/2024\/06\/449383450_900410565459867_7398886830294326458_n-1536x584.png 1536w, https:\/\/radiostudiow.com.br\/site\/wp-content\/uploads\/2024\/06\/449383450_900410565459867_7398886830294326458_n-2048x779.png 2048w\" sizes=\"auto, (max-width: 1024px) 100vw, 1024px\" \/><\/figure>\n\n\n\n<p>O excelente desempenho \u00e9 reflexo do esfor\u00e7o coletivo de estudantes, professores, pedagogos, diretores e fam\u00edlias, que trabalharam em conjunto para elevar a qualidade da educa\u00e7\u00e3o. Al\u00e9m de figurar entre as melhores, o col\u00e9gio tamb\u00e9m se destacou nos avan\u00e7os no ensino fundamental e m\u00e9dio em rela\u00e7\u00e3o aos resultados de 2021.<\/p>\n\n\n\n<p>Este progresso demonstra o impacto positivo da dedica\u00e7\u00e3o e do comprometimento de toda a comunidade escolar, que vem buscando constantemente melhorias na forma\u00e7\u00e3o dos alunos. A organiza\u00e7\u00e3o e o trabalho em equipe foram fundamentais para a conquista desse reconhecimento.<\/p>\n\n\n\n<figure class=\"wp-block-image size-full\"><img loading=\"lazy\" decoding=\"async\" width=\"720\" height=\"718\" src=\"https:\/\/radiostudiow.com.br\/site\/wp-content\/uploads\/2024\/08\/05-2.jpg\" alt=\"\" class=\"wp-image-26516\" srcset=\"https:\/\/radiostudiow.com.br\/site\/wp-content\/uploads\/2024\/08\/05-2.jpg 720w, https:\/\/radiostudiow.com.br\/site\/wp-content\/uploads\/2024\/08\/05-2-300x300.jpg 300w, https:\/\/radiostudiow.com.br\/site\/wp-content\/uploads\/2024\/08\/05-2-80x80.jpg 80w\" sizes=\"auto, (max-width: 720px) 100vw, 720px\" \/><\/figure>\n\n\n\n<figure class=\"wp-block-image size-full\"><img loading=\"lazy\" decoding=\"async\" width=\"719\" height=\"714\" src=\"https:\/\/radiostudiow.com.br\/site\/wp-content\/uploads\/2024\/08\/06.jpg\" alt=\"\" class=\"wp-image-26517\" srcset=\"https:\/\/radiostudiow.com.br\/site\/wp-content\/uploads\/2024\/08\/06.jpg 719w, https:\/\/radiostudiow.com.br\/site\/wp-content\/uploads\/2024\/08\/06-300x298.jpg 300w, https:\/\/radiostudiow.com.br\/site\/wp-content\/uploads\/2024\/08\/06-80x80.jpg 80w\" sizes=\"auto, (max-width: 719px) 100vw, 719px\" \/><\/figure>\n\n\n\n<blockquote class=\"wp-block-quote is-layout-flow wp-block-quote-is-layout-flow\">\n<p class=\"has-text-align-center\">Parab\u00e9ns a todos os envolvidos pelo resultado que refor\u00e7a a import\u00e2ncia da educa\u00e7\u00e3o de qualidade e do esfor\u00e7o cont\u00ednuo por um futuro promissor.<\/p>\n<\/blockquote>\n","protected":false},"excerpt":{"rendered":"<p>Na \u00faltima semana, foram divulgados os resultados do \u00cdndice de Desenvolvimento da Educa\u00e7\u00e3o B\u00e1sica (IDEB) de 2023, e o Col\u00e9gio Dario Veloso se destacou ao alcan\u00e7ar o 3\u00ba lugar entre as escolas das cidades de Irati, Rebou\u00e7as, Fernandes Pinheiro e Prudent\u00f3polis. O excelente desempenho \u00e9 reflexo do esfor\u00e7o coletivo de estudantes, professores, pedagogos, diretores e [&hellip;]<\/p>\n","protected":false},"author":2,"featured_media":26546,"comment_status":"open","ping_status":"open","sticky":false,"template":"","format":"standard","meta":{"footnotes":""},"categories":[184],"tags":[172],"class_list":["post-26514","post","type-post","status-publish","format-standard","has-post-thumbnail","hentry","category-local","tag-featured"],"amp_enabled":true,"_links":{"self":[{"href":"https:\/\/radiostudiow.com.br\/site\/wp-json\/wp\/v2\/posts\/26514","targetHints":{"allow":["GET"]}}],"collection":[{"href":"https:\/\/radiostudiow.com.br\/site\/wp-json\/wp\/v2\/posts"}],"about":[{"href":"https:\/\/radiostudiow.com.br\/site\/wp-json\/wp\/v2\/types\/post"}],"author":[{"embeddable":true,"href":"https:\/\/radiostudiow.com.br\/site\/wp-json\/wp\/v2\/users\/2"}],"replies":[{"embeddable":true,"href":"https:\/\/radiostudiow.com.br\/site\/wp-json\/wp\/v2\/comments?post=26514"}],"version-history":[{"count":4,"href":"https:\/\/radiostudiow.com.br\/site\/wp-json\/wp\/v2\/posts\/26514\/revisions"}],"predecessor-version":[{"id":26547,"href":"https:\/\/radiostudiow.com.br\/site\/wp-json\/wp\/v2\/posts\/26514\/revisions\/26547"}],"wp:featuredmedia":[{"embeddable":true,"href":"https:\/\/radiostudiow.com.br\/site\/wp-json\/wp\/v2\/media\/26546"}],"wp:attachment":[{"href":"https:\/\/radiostudiow.com.br\/site\/wp-json\/wp\/v2\/media?parent=26514"}],"wp:term":[{"taxonomy":"category","embeddable":true,"href":"https:\/\/radiostudiow.com.br\/site\/wp-json\/wp\/v2\/categories?post=26514"},{"taxonomy":"post_tag","embeddable":true,"href":"https:\/\/radiostudiow.com.br\/site\/wp-json\/wp\/v2\/tags?post=26514"}],"curies":[{"name":"wp","href":"https:\/\/api.w.org\/{rel}","templated":true}]}}