{"id":26530,"date":"2024-08-27T09:27:19","date_gmt":"2024-08-27T12:27:19","guid":{"rendered":"https:\/\/radiostudiow.com.br\/site\/?p=26530"},"modified":"2025-01-31T14:58:58","modified_gmt":"2025-01-31T17:58:58","slug":"senhor-procura-policia-apos-veiculo-bater-na-cerca-de-sua-propriedade-na-br-153","status":"publish","type":"post","link":"https:\/\/radiostudiow.com.br\/site\/2024\/08\/27\/senhor-procura-policia-apos-veiculo-bater-na-cerca-de-sua-propriedade-na-br-153\/","title":{"rendered":"Senhor procura pol\u00edcia ap\u00f3s ve\u00edculo bater na cerca de sua propriedade na BR-153"},"content":{"rendered":"\n<p>A equipe da Pol\u00edcia Militar de Mallet atendeu uma ocorrencia de dano em uma propriedade na rodovia 153 por volta das 09 horas desse domingo (25).<\/p>\n\n\n\n<figure class=\"wp-block-image size-full\"><img decoding=\"async\" src=\"https:\/\/radiostudiow.com.br\/site\/wp-content\/uploads\/2024\/04\/SITE-MEDIO.png\" alt=\"\" class=\"wp-image-21854\"\/><\/figure>\n\n\n\n<p>Um senhor compareceu at\u00e9 o Pelot\u00e3o da PM e relatou que nesta madrugada um ve\u00edculo havia sa\u00eddo do eixo da rodovia, vindo a bater na cerca de sua propriedade, vindo a causar dano.<\/p>\n\n\n\n<p>O senhor solicitou o registro presente do Boletim para poss\u00edveis medidas cab\u00edveis, assim como representa\u00e7\u00e3o posteriormente. Sendo orientado.<\/p>\n\n\n\n<figure class=\"wp-block-image size-full\"><img loading=\"lazy\" decoding=\"async\" width=\"900\" height=\"408\" src=\"https:\/\/radiostudiow.com.br\/site\/wp-content\/uploads\/2024\/08\/image-64.png\" alt=\"\" class=\"wp-image-26531\" srcset=\"https:\/\/radiostudiow.com.br\/site\/wp-content\/uploads\/2024\/08\/image-64.png 900w, https:\/\/radiostudiow.com.br\/site\/wp-content\/uploads\/2024\/08\/image-64-300x136.png 300w, https:\/\/radiostudiow.com.br\/site\/wp-content\/uploads\/2024\/08\/image-64-768x348.png 768w\" sizes=\"auto, (max-width: 900px) 100vw, 900px\" \/><\/figure>\n","protected":false},"excerpt":{"rendered":"<p>A equipe da Pol\u00edcia Militar de Mallet atendeu uma ocorrencia de dano em uma propriedade na rodovia 153 por volta das 09 horas desse domingo (25). Um senhor compareceu at\u00e9 o Pelot\u00e3o da PM e relatou que nesta madrugada um ve\u00edculo havia sa\u00eddo do eixo da rodovia, vindo a bater na cerca de sua propriedade, [&hellip;]<\/p>\n","protected":false},"author":2,"featured_media":26532,"comment_status":"open","ping_status":"open","sticky":false,"template":"","format":"standard","meta":{"footnotes":""},"categories":[2],"tags":[172],"class_list":["post-26530","post","type-post","status-publish","format-standard","has-post-thumbnail","hentry","category-policial","tag-featured"],"amp_enabled":true,"_links":{"self":[{"href":"https:\/\/radiostudiow.com.br\/site\/wp-json\/wp\/v2\/posts\/26530","targetHints":{"allow":["GET"]}}],"collection":[{"href":"https:\/\/radiostudiow.com.br\/site\/wp-json\/wp\/v2\/posts"}],"about":[{"href":"https:\/\/radiostudiow.com.br\/site\/wp-json\/wp\/v2\/types\/post"}],"author":[{"embeddable":true,"href":"https:\/\/radiostudiow.com.br\/site\/wp-json\/wp\/v2\/users\/2"}],"replies":[{"embeddable":true,"href":"https:\/\/radiostudiow.com.br\/site\/wp-json\/wp\/v2\/comments?post=26530"}],"version-history":[{"count":1,"href":"https:\/\/radiostudiow.com.br\/site\/wp-json\/wp\/v2\/posts\/26530\/revisions"}],"predecessor-version":[{"id":26533,"href":"https:\/\/radiostudiow.com.br\/site\/wp-json\/wp\/v2\/posts\/26530\/revisions\/26533"}],"wp:featuredmedia":[{"embeddable":true,"href":"https:\/\/radiostudiow.com.br\/site\/wp-json\/wp\/v2\/media\/26532"}],"wp:attachment":[{"href":"https:\/\/radiostudiow.com.br\/site\/wp-json\/wp\/v2\/media?parent=26530"}],"wp:term":[{"taxonomy":"category","embeddable":true,"href":"https:\/\/radiostudiow.com.br\/site\/wp-json\/wp\/v2\/categories?post=26530"},{"taxonomy":"post_tag","embeddable":true,"href":"https:\/\/radiostudiow.com.br\/site\/wp-json\/wp\/v2\/tags?post=26530"}],"curies":[{"name":"wp","href":"https:\/\/api.w.org\/{rel}","templated":true}]}}