{"id":26538,"date":"2024-08-27T10:27:59","date_gmt":"2024-08-27T13:27:59","guid":{"rendered":"https:\/\/radiostudiow.com.br\/site\/?p=26538"},"modified":"2025-01-31T14:58:58","modified_gmt":"2025-01-31T17:58:58","slug":"frio-no-parana-terca-feira-chega-com-sol-geada-e-temperaturas-negativas","status":"publish","type":"post","link":"https:\/\/radiostudiow.com.br\/site\/2024\/08\/27\/frio-no-parana-terca-feira-chega-com-sol-geada-e-temperaturas-negativas\/","title":{"rendered":"Frio no Paran\u00e1: ter\u00e7a-feira chega com sol, geada e temperaturas negativas"},"content":{"rendered":"\n<p>A ter\u00e7a-feira, 27 de agosto, chegou\u00a0fria em todo o Paran\u00e1. <strong>Em Mallet durante a madrugada chegou a 1\u00baC<\/strong>, em Rio Azul e Cruz Machado tamb\u00e9m chegou a 1\u00baC, Paulo Frontin e Rebou\u00e7as chegaram a 2\u00baC, Irati 3,1\u00baC e Uni\u00e3o da Vit\u00f3ria 0,9\u00baC.<\/p>\n\n\n\n<p><em><strong>Na regi\u00e3o, foram registradas temperaturas negativas em\u00a0General Carneiro\u00a0-3,8\u00baC,\u00a0S\u00e3o Mateus do Sul\u00a0-1,8\u00ba,\u00a0Castro\u00a0-1,6\u00baC e\u00a0Tel\u00eamaco Borba\u00a0-0,4\u00baC. Em\u00a0Curitiba, o dia amanheceu com 2,6\u00baC.<\/strong><\/em><\/p>\n\n\n\n<figure class=\"wp-block-image size-full\"><img decoding=\"async\" src=\"https:\/\/radiostudiow.com.br\/site\/wp-content\/uploads\/2024\/04\/image-42.png\" alt=\"\" class=\"wp-image-21334\"\/><\/figure>\n\n\n\n<p>De acordo com o meteorologista Samuel Braun, do Sistema de Tecnologia e Monitoramento Ambiental do Paran\u00e1\u00a0<a href=\"http:\/\/www.simepar.br\/\">(Simepar)<\/a>, em geral o frio foi menos intenso que o de segunda. No entanto, em apenas 25 dos 61 munic\u00edpios acompanhados a m\u00ednima ficou em 5 graus ou acima.<\/p>\n\n\n\n<p>Nos outros 36 as m\u00ednimas ficaram abaixo, incluindo aqueles em que as temperaturas ficaram negativas. A ter\u00e7a segue com tempo est\u00e1vel e sol em todo do Paran\u00e1, segundo Braun.<\/p>\n\n\n\n<h2 class=\"wp-block-heading\" id=\"h-quarta-tera-manha-fria-mas-tardes-mais-quentes\">Quarta ter\u00e1 manh\u00e3 fria, mas tardes mais quentes<\/h2>\n\n\n\n<p>\u201cA partir de quarta, ainda far\u00e1 frio, mas com baixa possibilidade de geadas\u201d, afirma. Na regi\u00e3o Norte, \u00e0 tarde os term\u00f4metros podem chegar perto dos 30\u00baC.<\/p>\n\n\n\n<p>A partir de quinta at\u00e9 s\u00e1bado, os dias amanhecem com frio, no entanto bem menos intensos. E as tardes ser\u00e3o mais quentes. No domingo, uma frente fria, fraca, pode provocar chuva nas regi\u00f5es oeste, sudoeste e centro-sul.<\/p>\n\n\n\n<blockquote class=\"wp-block-quote is-layout-flow wp-block-quote-is-layout-flow\">\n<p class=\"has-text-align-center\"><strong>Confira abaixo os munic\u00edpios do Paran\u00e1 com temperatura negativas e abaixo de 5\u00baC al\u00e9m de fotos de uma propriedade na localidade do Taquari enviadas pelo morador Mauro Correia. O local, liga as cidades de Cruz Machado, Uni\u00e3o da Vit\u00f3ria e Mallet.<\/strong><\/p>\n<\/blockquote>\n\n\n\n<div class=\"wp-block-media-text is-stacked-on-mobile\" style=\"grid-template-columns:57% auto\"><figure class=\"wp-block-media-text__media\"><img loading=\"lazy\" decoding=\"async\" width=\"1024\" height=\"1024\" src=\"https:\/\/radiostudiow.com.br\/site\/wp-content\/uploads\/2024\/08\/455696482_981078787362351_1609438382106705631_n-1024x1024.jpg\" alt=\"\" class=\"wp-image-26544 size-full\" srcset=\"https:\/\/radiostudiow.com.br\/site\/wp-content\/uploads\/2024\/08\/455696482_981078787362351_1609438382106705631_n-1024x1024.jpg 1024w, https:\/\/radiostudiow.com.br\/site\/wp-content\/uploads\/2024\/08\/455696482_981078787362351_1609438382106705631_n-300x300.jpg 300w, https:\/\/radiostudiow.com.br\/site\/wp-content\/uploads\/2024\/08\/455696482_981078787362351_1609438382106705631_n-768x768.jpg 768w, https:\/\/radiostudiow.com.br\/site\/wp-content\/uploads\/2024\/08\/455696482_981078787362351_1609438382106705631_n-1536x1536.jpg 1536w, https:\/\/radiostudiow.com.br\/site\/wp-content\/uploads\/2024\/08\/455696482_981078787362351_1609438382106705631_n-80x80.jpg 80w, https:\/\/radiostudiow.com.br\/site\/wp-content\/uploads\/2024\/08\/455696482_981078787362351_1609438382106705631_n.jpg 1600w\" sizes=\"auto, (max-width: 1024px) 100vw, 1024px\" \/><\/figure><div class=\"wp-block-media-text__content\">\n<p>Labirati orienta voc\u00ea com os cuidados na sa\u00fade<\/p>\n\n\n\n<p>A Labirati cuida da sua sa\u00fade!<br>\ud83d\udccdRua Major Estev\u00e3o &#8211; 208 &#8211; Centro &#8211; Mallet &#8211; PR &#8211; em frente a antiga prefeitura<br>\ud83d\udcde 42 99866-8578 | 42 3542-1001<\/p>\n<\/div><\/div>\n\n\n\n<p><strong>Munic\u00edpios do Paran\u00e1 com temperaturas negativas<br><\/strong>Castro -1,6\u00baC<br>General Carneiro -3,8\u00baC<br>S\u00e3o Mateus do Sul -1,8\u00baC<br>Tel\u00eamaco Borba -0,4\u00baC<\/p>\n\n\n\n<p><strong>Munic\u00edpios do Paran\u00e1 com temperatura abaixo de 5\u00baC<br><\/strong>Cambar\u00e1 3,9\u00baC<br>Campo Mour\u00e3o 4,7\u00baC<br>Capanema 2,1\u00baC<br>Cerro Azul 1,9\u00baC<br>Colombo 1,7\u00baC<br>Cruz Machado 1\u00baC<br>Cruzeiro do Igua\u00e7u 4,2\u00baC<br>Curitiba 2,6\u00baC<br>C\u00e2ndido de Abreu 4,3\u00baC<br>Fazenda Rio Grande 0,3\u00baC<br>Foz do Igua\u00e7u 2,9\u00baC<br>Francisco Beltr\u00e3o 1,7\u00baC<br>Guarapuava 4,5\u00baC<br>Guaraque\u00e7aba 2,9\u00baC<br>Gua\u00edra 4,4\u00baC<br>In\u00e1cio Martins 3,5\u00baC<br>Irati 3,1\u00baC<br>Jaguaria\u00edva 0,9\u00baC<br>Lapa 1,9\u00baC<br>Mallet 1\u00baC<br>Marechal C\u00e2ndido Rondon 4,9\u00baC<br>Nova Tebas 4,6\u00baC<br>Palmas 2,7\u00baC<br>Palotina 1,6\u00baC<br>Pato Branco 3,1\u00baC<br>Paulo Frontin 2\u00baC<br>Pinhais 1,3\u00baC<br>Pinh\u00e3o 0,1\u00baC<br>Ponta Grossa 3,4\u00baC<br>Rebou\u00e7as 2\u00baC<br>Rio Azul 1\u00baC<br>Toledo 4,2\u00baC<br>Umuarama 2,9\u00baC<br>Uni\u00e3o da Vit\u00f3ria 0,9\u00baC<br>Ventania 4,4\u00baC<\/p>\n\n\n\n<figure class=\"wp-block-image size-large\"><img loading=\"lazy\" decoding=\"async\" width=\"1024\" height=\"768\" src=\"https:\/\/radiostudiow.com.br\/site\/wp-content\/uploads\/2024\/08\/image-66-1024x768.png\" alt=\"\" class=\"wp-image-26542\" srcset=\"https:\/\/radiostudiow.com.br\/site\/wp-content\/uploads\/2024\/08\/image-66-1024x768.png 1024w, https:\/\/radiostudiow.com.br\/site\/wp-content\/uploads\/2024\/08\/image-66-300x225.png 300w, https:\/\/radiostudiow.com.br\/site\/wp-content\/uploads\/2024\/08\/image-66-768x576.png 768w, https:\/\/radiostudiow.com.br\/site\/wp-content\/uploads\/2024\/08\/image-66.png 1280w\" sizes=\"auto, (max-width: 1024px) 100vw, 1024px\" \/><figcaption class=\"wp-element-caption\">Fotos enviadas pelo Mauro Correia da sua propriedade na localidade do Taquari<\/figcaption><\/figure>\n\n\n\n<figure class=\"wp-block-image size-large\"><img loading=\"lazy\" decoding=\"async\" width=\"1024\" height=\"768\" src=\"https:\/\/radiostudiow.com.br\/site\/wp-content\/uploads\/2024\/08\/image-67-1024x768.png\" alt=\"\" class=\"wp-image-26543\" srcset=\"https:\/\/radiostudiow.com.br\/site\/wp-content\/uploads\/2024\/08\/image-67-1024x768.png 1024w, https:\/\/radiostudiow.com.br\/site\/wp-content\/uploads\/2024\/08\/image-67-300x225.png 300w, https:\/\/radiostudiow.com.br\/site\/wp-content\/uploads\/2024\/08\/image-67-768x576.png 768w, https:\/\/radiostudiow.com.br\/site\/wp-content\/uploads\/2024\/08\/image-67.png 1280w\" sizes=\"auto, (max-width: 1024px) 100vw, 1024px\" \/><figcaption class=\"wp-element-caption\">Fotos enviadas pelo Mauro Correia da sua propriedade na localidade do Taquari<\/figcaption><\/figure>\n\n\n\n<figure class=\"wp-block-image size-large\"><img decoding=\"async\" src=\"https:\/\/radiostudiow.com.br\/site\/wp-content\/uploads\/2024\/08\/image-65-1024x768.png\" alt=\"\" class=\"wp-image-26541\"\/><figcaption class=\"wp-element-caption\">Fotos enviadas pelo Mauro Correia da sua propriedade na localidade do Taquari<\/figcaption><\/figure>\n","protected":false},"excerpt":{"rendered":"<p>A ter\u00e7a-feira, 27 de agosto, chegou\u00a0fria em todo o Paran\u00e1. Em Mallet durante a madrugada chegou a 1\u00baC, em Rio Azul e Cruz Machado tamb\u00e9m chegou a 1\u00baC, Paulo Frontin e Rebou\u00e7as chegaram a 2\u00baC, Irati 3,1\u00baC e Uni\u00e3o da Vit\u00f3ria 0,9\u00baC. Na regi\u00e3o, foram registradas temperaturas negativas em\u00a0General Carneiro\u00a0-3,8\u00baC,\u00a0S\u00e3o Mateus do Sul\u00a0-1,8\u00ba,\u00a0Castro\u00a0-1,6\u00baC e\u00a0Tel\u00eamaco Borba\u00a0-0,4\u00baC. [&hellip;]<\/p>\n","protected":false},"author":2,"featured_media":26539,"comment_status":"open","ping_status":"open","sticky":false,"template":"","format":"standard","meta":{"footnotes":""},"categories":[185],"tags":[172],"class_list":["post-26538","post","type-post","status-publish","format-standard","has-post-thumbnail","hentry","category-regional","tag-featured"],"amp_enabled":true,"_links":{"self":[{"href":"https:\/\/radiostudiow.com.br\/site\/wp-json\/wp\/v2\/posts\/26538","targetHints":{"allow":["GET"]}}],"collection":[{"href":"https:\/\/radiostudiow.com.br\/site\/wp-json\/wp\/v2\/posts"}],"about":[{"href":"https:\/\/radiostudiow.com.br\/site\/wp-json\/wp\/v2\/types\/post"}],"author":[{"embeddable":true,"href":"https:\/\/radiostudiow.com.br\/site\/wp-json\/wp\/v2\/users\/2"}],"replies":[{"embeddable":true,"href":"https:\/\/radiostudiow.com.br\/site\/wp-json\/wp\/v2\/comments?post=26538"}],"version-history":[{"count":2,"href":"https:\/\/radiostudiow.com.br\/site\/wp-json\/wp\/v2\/posts\/26538\/revisions"}],"predecessor-version":[{"id":26545,"href":"https:\/\/radiostudiow.com.br\/site\/wp-json\/wp\/v2\/posts\/26538\/revisions\/26545"}],"wp:featuredmedia":[{"embeddable":true,"href":"https:\/\/radiostudiow.com.br\/site\/wp-json\/wp\/v2\/media\/26539"}],"wp:attachment":[{"href":"https:\/\/radiostudiow.com.br\/site\/wp-json\/wp\/v2\/media?parent=26538"}],"wp:term":[{"taxonomy":"category","embeddable":true,"href":"https:\/\/radiostudiow.com.br\/site\/wp-json\/wp\/v2\/categories?post=26538"},{"taxonomy":"post_tag","embeddable":true,"href":"https:\/\/radiostudiow.com.br\/site\/wp-json\/wp\/v2\/tags?post=26538"}],"curies":[{"name":"wp","href":"https:\/\/api.w.org\/{rel}","templated":true}]}}