{"id":2654,"date":"2021-06-28T16:49:38","date_gmt":"2021-06-28T19:49:38","guid":{"rendered":"https:\/\/radiostudiow.com.br\/site\/?p=2654"},"modified":"2025-01-15T11:50:42","modified_gmt":"2025-01-15T14:50:42","slug":"homem-de-52-e-encontrado-morto-possivelmente-vitima-de-homicidio","status":"publish","type":"post","link":"https:\/\/radiostudiow.com.br\/site\/2021\/06\/28\/homem-de-52-e-encontrado-morto-possivelmente-vitima-de-homicidio\/","title":{"rendered":"Homem de 52 anos \u00e9 encontrado morto possivelmente v\u00edtima de homic\u00eddio"},"content":{"rendered":"\n<p>Nesse domingo (27), por volta 13h00min, a equipe da Policia Militar de S\u00e3o Mateus do Sul foi acionada pelo Corpo de Bombeiros, informando de que havia um cad\u00e1ver, ca\u00edda em uma resid\u00eancia na Vila Amaral, e se encontrava com uma ferida na regi\u00e3o do pesco\u00e7o.<\/p>\n\n\n\n<p>Equipe deslocou at\u00e9 o local e identificou a v\u00edtima, constatando que se encontrava sem sinais vitais.<\/p>\n\n\n\n<p>Diante dos fatos, foi isolado o local e acionado a Pol\u00edcia Civil, onde realizou as devidas formalidades pertinentes at\u00e9 a chegada do IML (Instituto M\u00e9dico Legal) de Uni\u00e3o da Vit\u00f3ria, onde recolheu o corpo da v\u00edtima, identificada como Ad\u00e3o Cuba, de 52 anos.<\/p>\n\n\n\n<figure class=\"wp-block-image size-large\"><img decoding=\"async\" src=\"https:\/\/radiostudiow.com.br\/site\/wp-content\/uploads\/2021\/06\/208642362_2950982208509604_7596708666440577543_n.jpg\" alt=\"\" class=\"wp-image-2655\"\/><\/figure>\n","protected":false},"excerpt":{"rendered":"<p>Nesse domingo (27), por volta 13h00min, a equipe da Policia Militar de S\u00e3o Mateus do Sul foi acionada pelo Corpo de Bombeiros, informando de que havia um cad\u00e1ver, ca\u00edda em uma resid\u00eancia na Vila Amaral, e se encontrava com uma ferida na regi\u00e3o do pesco\u00e7o. Equipe deslocou at\u00e9 o local e identificou a v\u00edtima, constatando [&hellip;]<\/p>\n","protected":false},"author":2,"featured_media":0,"comment_status":"open","ping_status":"open","sticky":false,"template":"","format":"standard","meta":{"footnotes":""},"categories":[2,185],"tags":[172],"class_list":["post-2654","post","type-post","status-publish","format-standard","hentry","category-policial","category-regional","tag-featured"],"amp_enabled":true,"_links":{"self":[{"href":"https:\/\/radiostudiow.com.br\/site\/wp-json\/wp\/v2\/posts\/2654","targetHints":{"allow":["GET"]}}],"collection":[{"href":"https:\/\/radiostudiow.com.br\/site\/wp-json\/wp\/v2\/posts"}],"about":[{"href":"https:\/\/radiostudiow.com.br\/site\/wp-json\/wp\/v2\/types\/post"}],"author":[{"embeddable":true,"href":"https:\/\/radiostudiow.com.br\/site\/wp-json\/wp\/v2\/users\/2"}],"replies":[{"embeddable":true,"href":"https:\/\/radiostudiow.com.br\/site\/wp-json\/wp\/v2\/comments?post=2654"}],"version-history":[{"count":2,"href":"https:\/\/radiostudiow.com.br\/site\/wp-json\/wp\/v2\/posts\/2654\/revisions"}],"predecessor-version":[{"id":2670,"href":"https:\/\/radiostudiow.com.br\/site\/wp-json\/wp\/v2\/posts\/2654\/revisions\/2670"}],"wp:attachment":[{"href":"https:\/\/radiostudiow.com.br\/site\/wp-json\/wp\/v2\/media?parent=2654"}],"wp:term":[{"taxonomy":"category","embeddable":true,"href":"https:\/\/radiostudiow.com.br\/site\/wp-json\/wp\/v2\/categories?post=2654"},{"taxonomy":"post_tag","embeddable":true,"href":"https:\/\/radiostudiow.com.br\/site\/wp-json\/wp\/v2\/tags?post=2654"}],"curies":[{"name":"wp","href":"https:\/\/api.w.org\/{rel}","templated":true}]}}