{"id":26597,"date":"2024-08-27T19:12:38","date_gmt":"2024-08-27T22:12:38","guid":{"rendered":"https:\/\/radiostudiow.com.br\/site\/?p=26597"},"modified":"2025-01-31T14:58:58","modified_gmt":"2025-01-31T17:58:58","slug":"governo-inicia-mobilizacao-de-identificacao-de-pessoas-desaparecidas","status":"publish","type":"post","link":"https:\/\/radiostudiow.com.br\/site\/2024\/08\/27\/governo-inicia-mobilizacao-de-identificacao-de-pessoas-desaparecidas\/","title":{"rendered":"Governo inicia mobiliza\u00e7\u00e3o de identifica\u00e7\u00e3o de pessoas desaparecidas"},"content":{"rendered":"\n<p>Governo Federal, por meio do Minist\u00e9rio da Justi\u00e7a e Seguran\u00e7a P\u00fablica, iniciou nesta segunda-feira, 26 de agosto, a Mobiliza\u00e7\u00e3o Nacional de Identifica\u00e7\u00e3o e Busca de Pessoas Desaparecidas. A campanha ocorrer\u00e1 em tr\u00eas etapas e vai usar t\u00e9cnicas de identifica\u00e7\u00e3o gen\u00e9tica e papilosc\u00f3picas.<\/p>\n\n\n\n<figure class=\"wp-block-image size-large\"><img loading=\"lazy\" decoding=\"async\" width=\"1024\" height=\"390\" src=\"https:\/\/radiostudiow.com.br\/site\/wp-content\/uploads\/2024\/06\/449383450_900410565459867_7398886830294326458_n-1024x390.png\" alt=\"\" class=\"wp-image-24042\" srcset=\"https:\/\/radiostudiow.com.br\/site\/wp-content\/uploads\/2024\/06\/449383450_900410565459867_7398886830294326458_n-1024x390.png 1024w, https:\/\/radiostudiow.com.br\/site\/wp-content\/uploads\/2024\/06\/449383450_900410565459867_7398886830294326458_n-300x114.png 300w, https:\/\/radiostudiow.com.br\/site\/wp-content\/uploads\/2024\/06\/449383450_900410565459867_7398886830294326458_n-768x292.png 768w, https:\/\/radiostudiow.com.br\/site\/wp-content\/uploads\/2024\/06\/449383450_900410565459867_7398886830294326458_n-1536x584.png 1536w, https:\/\/radiostudiow.com.br\/site\/wp-content\/uploads\/2024\/06\/449383450_900410565459867_7398886830294326458_n-2048x779.png 2048w\" sizes=\"auto, (max-width: 1024px) 100vw, 1024px\" \/><\/figure>\n\n\n\n<blockquote class=\"wp-block-quote is-layout-flow wp-block-quote-is-layout-flow\">\n<p class=\"has-text-align-center\">O primeiro aspecto dessa mobiliza\u00e7\u00e3o \u00e9 o humanit\u00e1rio, porque o encontro de um ente querido faz cessar uma dor\u201d<\/p>\n<\/blockquote>\n\n\n\n<p class=\"has-text-align-center\"><em>Ricardo Lewandowski, ministro da Justi\u00e7a e Seguran\u00e7a P\u00fablica<\/em><\/p>\n\n\n\n<p>Na primeira fase, at\u00e9 sexta-feira (30), ser\u00e3o coletadas amostras de DNA de familiares de desaparecidos por meio da saliva. \u00c9 preciso apresentar o boletim de ocorr\u00eancia do desaparecimento para realizar o procedimento.&nbsp;<a href=\"https:\/\/www.gov.br\/mj\/pt-br\/acesso-a-informacao\/acoes-e-programas\/mobilizacao-nacional\/pontos-de-coleta\">Veja a lista dos quase 300 pontos de coleta espalhados pelo Brasil<\/a>.<\/p>\n\n\n\n<p><strong><em>\u201cO primeiro aspecto dessa mobiliza\u00e7\u00e3o \u00e9 o humanit\u00e1rio, porque o encontro de um ente querido faz cessar uma dor. Portanto, \u00e9 uma quest\u00e3o que diz respeito aos direitos humanos\u201d, <\/em><\/strong>ressaltou o ministro da Justi\u00e7a e Seguran\u00e7a P\u00fablica, Ricardo Lewandowski, durante cerim\u00f4nia de lan\u00e7amento da campanha no Pal\u00e1cio da Justi\u00e7a, em Bras\u00edlia. A iniciativa ocorre em alus\u00e3o ao Dia Internacional da Pessoa Desaparecida (30 de agosto).<\/p>\n\n\n\n<p><strong>COLETA \u2014<\/strong>\u00a0O evento de abertura contou com a coleta de DNA de Ana Paula Farias Lima, filha de Jos\u00e9 Gomes Lima, que desapareceu h\u00e1 tr\u00eas anos no Distrito Federal. <em><strong>\u201cTenho esperan\u00e7a de ter uma resposta, porque quem perde um ente querido acorda todos os dias com a esperan\u00e7a de encontr\u00e1-lo. E dorme com uma dor muito grande no cora\u00e7\u00e3o por n\u00e3o ter not\u00edcias\u201d, declarou Ana Paula.<\/strong><\/em><\/p>\n\n\n\n<figure class=\"wp-block-embed is-type-video is-provider-youtube wp-block-embed-youtube wp-embed-aspect-16-9 wp-has-aspect-ratio\"><div class=\"wp-block-embed__wrapper\">\n<iframe loading=\"lazy\" title=\"Lan\u00e7amento da Mobiliza\u00e7\u00e3o Nacional de Identifica\u00e7\u00e3o de Pessoas Desaparecidas\" width=\"740\" height=\"416\" src=\"https:\/\/www.youtube.com\/embed\/1vNGeugm5XA?feature=oembed\" frameborder=\"0\" allow=\"accelerometer; autoplay; clipboard-write; encrypted-media; gyroscope; picture-in-picture; web-share\" referrerpolicy=\"strict-origin-when-cross-origin\" allowfullscreen><\/iframe>\n<\/div><\/figure>\n\n\n\n<p><strong>IMPORT\u00c2NCIA<\/strong>&nbsp;\u2013 O secret\u00e1rio nacional de Seguran\u00e7a P\u00fablica, Mario Sarrubbo, apontou a import\u00e2ncia da demonstra\u00e7\u00e3o promovida na cerim\u00f4nia para afastar um poss\u00edvel temor que as pessoas possam ter de fazer a coleta. \u201cCom um ato t\u00e3o singelo, aumentamos em v\u00e1rios n\u00edveis o percentual de sucesso no encontro das pessoas desaparecidas\u201d, disse. A legisla\u00e7\u00e3o atual assegura que as amostras fornecidas voluntariamente pelos parentes ser\u00e3o usadas exclusivamente na identifica\u00e7\u00e3o dos entes sumidos, e n\u00e3o para outro prop\u00f3sito.<\/p>\n\n\n\n<p><strong>REDE \u2014<\/strong>&nbsp;Na segunda etapa, o foco estar\u00e1 no recolhimento de impress\u00f5es digitais e de material gen\u00e9tico de pessoas vivas com identidade desconhecida. Por fim, ser\u00e1 coordenada a pesquisa de impress\u00f5es digitais de corpos n\u00e3o identificados armazenadas em cada unidade federativa. Nessa etapa, conhecida como an\u00e1lise do passivo (backlog), os dados s\u00e3o comparados com os registros existentes nos bancos de biometrias. Essas informa\u00e7\u00f5es far\u00e3o parte da Rede Integrada de Bancos de Perfis Gen\u00e9ticos (RIBPG) \u2014 alimentado pelas secretarias estaduais de Seguran\u00e7a em parceria com a Pol\u00edcia Federal.<\/p>\n\n\n\n<figure class=\"wp-block-image size-full\"><img loading=\"lazy\" decoding=\"async\" width=\"897\" height=\"204\" src=\"https:\/\/radiostudiow.com.br\/site\/wp-content\/uploads\/2024\/08\/TIJOLAO.png\" alt=\"\" class=\"wp-image-25951\" srcset=\"https:\/\/radiostudiow.com.br\/site\/wp-content\/uploads\/2024\/08\/TIJOLAO.png 897w, https:\/\/radiostudiow.com.br\/site\/wp-content\/uploads\/2024\/08\/TIJOLAO-300x68.png 300w, https:\/\/radiostudiow.com.br\/site\/wp-content\/uploads\/2024\/08\/TIJOLAO-768x175.png 768w\" sizes=\"auto, (max-width: 897px) 100vw, 897px\" \/><\/figure>\n\n\n\n<p><strong>CRUZAMENTOS<\/strong>&nbsp;\u2013 As amostras gen\u00e9ticas de pessoas vivas e falecidas com identidade desconhecida analisadas pelos laborat\u00f3rios da RIBPG s\u00e3o enviadas rotineiramente ao Banco Nacional de Perfis Gen\u00e9ticos, onde s\u00e3o feitos os cruzamentos de dados em n\u00edvel nacional com perfis coletados pelos 23 laborat\u00f3rios de gen\u00e9tica forense que comp\u00f5em a rede. A identifica\u00e7\u00e3o gen\u00e9tica desempenha papel crucial na Pol\u00edtica Nacional de Busca de Pessoas Desaparecidas, institu\u00edda pela Lei n\u00ba 13.812\/2019.<\/p>\n\n\n\n<p><strong>CEN\u00c1RIO \u2014<\/strong>&nbsp;Entre janeiro e agosto de 2024, desapareceram 45.670 pessoas, sendo 29.498 do sexo masculino e 15.833, do feminino. Desse total, 12.148 tinham at\u00e9 17 anos e 32.415, mais de 18 anos. J\u00e1 em rela\u00e7\u00e3o a pessoas localizadas, o n\u00famero total foi de 30.016, com 10.736 do sexo feminino e 17.931, do masculino. J\u00e1 foram localizadas 7.654 pessoas de at\u00e9 17 anos e 20.887 de at\u00e9 18 anos, em 2024.<\/p>\n","protected":false},"excerpt":{"rendered":"<p>Governo Federal, por meio do Minist\u00e9rio da Justi\u00e7a e Seguran\u00e7a P\u00fablica, iniciou nesta segunda-feira, 26 de agosto, a Mobiliza\u00e7\u00e3o Nacional de Identifica\u00e7\u00e3o e Busca de Pessoas Desaparecidas. A campanha ocorrer\u00e1 em tr\u00eas etapas e vai usar t\u00e9cnicas de identifica\u00e7\u00e3o gen\u00e9tica e papilosc\u00f3picas. O primeiro aspecto dessa mobiliza\u00e7\u00e3o \u00e9 o humanit\u00e1rio, porque o encontro de um [&hellip;]<\/p>\n","protected":false},"author":2,"featured_media":26598,"comment_status":"open","ping_status":"open","sticky":false,"template":"","format":"standard","meta":{"footnotes":""},"categories":[7],"tags":[172],"class_list":["post-26597","post","type-post","status-publish","format-standard","has-post-thumbnail","hentry","category-geral","tag-featured"],"amp_enabled":true,"_links":{"self":[{"href":"https:\/\/radiostudiow.com.br\/site\/wp-json\/wp\/v2\/posts\/26597","targetHints":{"allow":["GET"]}}],"collection":[{"href":"https:\/\/radiostudiow.com.br\/site\/wp-json\/wp\/v2\/posts"}],"about":[{"href":"https:\/\/radiostudiow.com.br\/site\/wp-json\/wp\/v2\/types\/post"}],"author":[{"embeddable":true,"href":"https:\/\/radiostudiow.com.br\/site\/wp-json\/wp\/v2\/users\/2"}],"replies":[{"embeddable":true,"href":"https:\/\/radiostudiow.com.br\/site\/wp-json\/wp\/v2\/comments?post=26597"}],"version-history":[{"count":1,"href":"https:\/\/radiostudiow.com.br\/site\/wp-json\/wp\/v2\/posts\/26597\/revisions"}],"predecessor-version":[{"id":26599,"href":"https:\/\/radiostudiow.com.br\/site\/wp-json\/wp\/v2\/posts\/26597\/revisions\/26599"}],"wp:featuredmedia":[{"embeddable":true,"href":"https:\/\/radiostudiow.com.br\/site\/wp-json\/wp\/v2\/media\/26598"}],"wp:attachment":[{"href":"https:\/\/radiostudiow.com.br\/site\/wp-json\/wp\/v2\/media?parent=26597"}],"wp:term":[{"taxonomy":"category","embeddable":true,"href":"https:\/\/radiostudiow.com.br\/site\/wp-json\/wp\/v2\/categories?post=26597"},{"taxonomy":"post_tag","embeddable":true,"href":"https:\/\/radiostudiow.com.br\/site\/wp-json\/wp\/v2\/tags?post=26597"}],"curies":[{"name":"wp","href":"https:\/\/api.w.org\/{rel}","templated":true}]}}