{"id":26609,"date":"2024-08-27T21:08:33","date_gmt":"2024-08-28T00:08:33","guid":{"rendered":"https:\/\/radiostudiow.com.br\/site\/?p=26609"},"modified":"2025-01-31T14:58:58","modified_gmt":"2025-01-31T17:58:58","slug":"tres-adolescentes-roubam-e-matam-taxista-a-facadas-em-canoinhas","status":"publish","type":"post","link":"https:\/\/radiostudiow.com.br\/site\/2024\/08\/27\/tres-adolescentes-roubam-e-matam-taxista-a-facadas-em-canoinhas\/","title":{"rendered":"Tr\u00eas adolescentes roubam e matam taxista a facadas em Canoinhas"},"content":{"rendered":"\n<figure class=\"wp-block-image size-full\"><img loading=\"lazy\" decoding=\"async\" width=\"897\" height=\"204\" src=\"https:\/\/radiostudiow.com.br\/site\/wp-content\/uploads\/2024\/04\/image-38.png\" alt=\"\" class=\"wp-image-21308\" srcset=\"https:\/\/radiostudiow.com.br\/site\/wp-content\/uploads\/2024\/04\/image-38.png 897w, https:\/\/radiostudiow.com.br\/site\/wp-content\/uploads\/2024\/04\/image-38-300x68.png 300w, https:\/\/radiostudiow.com.br\/site\/wp-content\/uploads\/2024\/04\/image-38-768x175.png 768w\" sizes=\"auto, (max-width: 897px) 100vw, 897px\" \/><\/figure>\n\n\n\n<p>Gra\u00e7as \u00e0 a\u00e7\u00e3o r\u00e1pida e eficiente da Pol\u00edcia Militar, os tr\u00eas adolescentes envolvidos foram apreendidos na cidade de Joinville poucas horas ap\u00f3s o ocorrido. A ocorr\u00eancia teve in\u00edcio por volta das 19h00 de segunda-feira, quando o taxista, ap\u00f3s ser contatado por um conhecido, aceitou realizar uma corrida partindo do posto de combust\u00edveis no bairro Piedade. A v\u00edtima, que n\u00e3o costumava trabalhar \u00e0 noite, aceitou a solicita\u00e7\u00e3o por se tratar de algu\u00e9m de seu c\u00edrculo de conhecidos.<\/p>\n\n\n\n<p>O taxista foi visto pela \u00faltima vez por volta das 20h, quando sua filha, preocupada com o sumi\u00e7o do pai, come\u00e7ou a tentar buscar informa\u00e7\u00f5es atrav\u00e9s de liga\u00e7\u00f5es e mensagens. Devido \u00e0 demora no retorno e sem respostas as liga\u00e7\u00f5es procurou a aux\u00edlio acionando a Pol\u00edcia Militar relatando o desaparecimento.<\/p>\n\n\n\n<figure class=\"wp-block-gallery has-nested-images columns-default is-cropped wp-block-gallery-1 is-layout-flex wp-block-gallery-is-layout-flex\">\n<figure class=\"wp-block-image size-large\"><img loading=\"lazy\" decoding=\"async\" width=\"571\" height=\"600\" data-id=\"26612\" src=\"https:\/\/radiostudiow.com.br\/site\/wp-content\/uploads\/2024\/08\/02-5.jpg\" alt=\"\" class=\"wp-image-26612\" srcset=\"https:\/\/radiostudiow.com.br\/site\/wp-content\/uploads\/2024\/08\/02-5.jpg 571w, https:\/\/radiostudiow.com.br\/site\/wp-content\/uploads\/2024\/08\/02-5-286x300.jpg 286w\" sizes=\"auto, (max-width: 571px) 100vw, 571px\" \/><\/figure>\n\n\n\n<figure class=\"wp-block-image size-large\"><img loading=\"lazy\" decoding=\"async\" width=\"450\" height=\"600\" data-id=\"26611\" src=\"https:\/\/radiostudiow.com.br\/site\/wp-content\/uploads\/2024\/08\/03-7.jpg\" alt=\"\" class=\"wp-image-26611\" srcset=\"https:\/\/radiostudiow.com.br\/site\/wp-content\/uploads\/2024\/08\/03-7.jpg 450w, https:\/\/radiostudiow.com.br\/site\/wp-content\/uploads\/2024\/08\/03-7-225x300.jpg 225w\" sizes=\"auto, (max-width: 450px) 100vw, 450px\" \/><\/figure>\n<\/figure>\n\n\n\n<p>A Central de Opera\u00e7\u00e3o da Pol\u00edcia Militar de Canoinhas j\u00e1 havia recebido informa\u00e7\u00f5es de movimenta\u00e7\u00e3o suspeita de um t\u00e1xi de Canoinhas, com as caracter\u00edsticas da GM Tracker do taxista em quest\u00e3o, em outras cidades da regi\u00e3o. Assim, a Pol\u00edcia Militar iniciou uma busca intensa, monitorando o trajeto do ve\u00edculo, que passou por Mafra, Rio Negro(PR) e Rio Negrinho, sendo que a investiga\u00e7\u00e3o avan\u00e7ou rapidamente e, j\u00e1 em Joinville, a guarni\u00e7\u00e3o conseguiu abordar o ve\u00edculo suspeito. Dentro do carro, foram encontrados os tr\u00eas adolescentes, que confessaram o crime.<\/p>\n\n\n\n<p>Segundo o relato dos envolvidos, a inten\u00e7\u00e3o inicial era roubar o ve\u00edculo, mas o plano tomou um rumo tr\u00e1gico quando o taxista, ao ser rendido, tentou resistir ao assalto. Nesse momento, acabou sendo esfaqueado e o corpo da v\u00edtima foi colocado no banco traseiro do ve\u00edculo sendo abandonado em uma \u00e1rea rural, pr\u00f3ximo \u00e0 localidade de Bela Vista.<\/p>\n\n\n\n<figure class=\"wp-block-image size-full\"><img loading=\"lazy\" decoding=\"async\" width=\"720\" height=\"479\" src=\"https:\/\/radiostudiow.com.br\/site\/wp-content\/uploads\/2024\/08\/04-5.jpeg\" alt=\"\" class=\"wp-image-26613\" srcset=\"https:\/\/radiostudiow.com.br\/site\/wp-content\/uploads\/2024\/08\/04-5.jpeg 720w, https:\/\/radiostudiow.com.br\/site\/wp-content\/uploads\/2024\/08\/04-5-300x200.jpeg 300w\" sizes=\"auto, (max-width: 720px) 100vw, 720px\" \/><\/figure>\n\n\n\n<p>Al\u00e9m dos adolescentes, a Pol\u00edcia Militar apreendeu a faca utilizada no crime, dois celulares, e uma quantia em dinheiro que estava dividida entre os autores. O ve\u00edculo tamb\u00e9m foi apreendido e todos foram conduzidos \u00e0 Central de Pol\u00edcia para os procedimentos legais. Pouco tempo depois, o corpo do taxista foi localizado na \u00e1rea mencionada pelos criminosos.<\/p>\n\n\n\n<figure class=\"wp-block-image size-full\"><img loading=\"lazy\" decoding=\"async\" width=\"337\" height=\"600\" src=\"https:\/\/radiostudiow.com.br\/site\/wp-content\/uploads\/2024\/08\/05-3.jpg\" alt=\"\" class=\"wp-image-26615\" srcset=\"https:\/\/radiostudiow.com.br\/site\/wp-content\/uploads\/2024\/08\/05-3.jpg 337w, https:\/\/radiostudiow.com.br\/site\/wp-content\/uploads\/2024\/08\/05-3-169x300.jpg 169w\" sizes=\"auto, (max-width: 337px) 100vw, 337px\" \/><\/figure>\n","protected":false},"excerpt":{"rendered":"<p>Gra\u00e7as \u00e0 a\u00e7\u00e3o r\u00e1pida e eficiente da Pol\u00edcia Militar, os tr\u00eas adolescentes envolvidos foram apreendidos na cidade de Joinville poucas horas ap\u00f3s o ocorrido. A ocorr\u00eancia teve in\u00edcio por volta das 19h00 de segunda-feira, quando o taxista, ap\u00f3s ser contatado por um conhecido, aceitou realizar uma corrida partindo do posto de combust\u00edveis no bairro Piedade. [&hellip;]<\/p>\n","protected":false},"author":2,"featured_media":26614,"comment_status":"open","ping_status":"open","sticky":false,"template":"","format":"standard","meta":{"footnotes":""},"categories":[2],"tags":[172],"class_list":["post-26609","post","type-post","status-publish","format-standard","has-post-thumbnail","hentry","category-policial","tag-featured"],"amp_enabled":true,"_links":{"self":[{"href":"https:\/\/radiostudiow.com.br\/site\/wp-json\/wp\/v2\/posts\/26609","targetHints":{"allow":["GET"]}}],"collection":[{"href":"https:\/\/radiostudiow.com.br\/site\/wp-json\/wp\/v2\/posts"}],"about":[{"href":"https:\/\/radiostudiow.com.br\/site\/wp-json\/wp\/v2\/types\/post"}],"author":[{"embeddable":true,"href":"https:\/\/radiostudiow.com.br\/site\/wp-json\/wp\/v2\/users\/2"}],"replies":[{"embeddable":true,"href":"https:\/\/radiostudiow.com.br\/site\/wp-json\/wp\/v2\/comments?post=26609"}],"version-history":[{"count":1,"href":"https:\/\/radiostudiow.com.br\/site\/wp-json\/wp\/v2\/posts\/26609\/revisions"}],"predecessor-version":[{"id":26616,"href":"https:\/\/radiostudiow.com.br\/site\/wp-json\/wp\/v2\/posts\/26609\/revisions\/26616"}],"wp:featuredmedia":[{"embeddable":true,"href":"https:\/\/radiostudiow.com.br\/site\/wp-json\/wp\/v2\/media\/26614"}],"wp:attachment":[{"href":"https:\/\/radiostudiow.com.br\/site\/wp-json\/wp\/v2\/media?parent=26609"}],"wp:term":[{"taxonomy":"category","embeddable":true,"href":"https:\/\/radiostudiow.com.br\/site\/wp-json\/wp\/v2\/categories?post=26609"},{"taxonomy":"post_tag","embeddable":true,"href":"https:\/\/radiostudiow.com.br\/site\/wp-json\/wp\/v2\/tags?post=26609"}],"curies":[{"name":"wp","href":"https:\/\/api.w.org\/{rel}","templated":true}]}}