{"id":26621,"date":"2024-08-28T09:36:14","date_gmt":"2024-08-28T12:36:14","guid":{"rendered":"https:\/\/radiostudiow.com.br\/site\/?p=26621"},"modified":"2025-01-31T14:58:58","modified_gmt":"2025-01-31T17:58:58","slug":"inscricoes-abertas-para-o-processo-classificatorio-do-7-cpm","status":"publish","type":"post","link":"https:\/\/radiostudiow.com.br\/site\/2024\/08\/28\/inscricoes-abertas-para-o-processo-classificatorio-do-7-cpm\/","title":{"rendered":"Inscri\u00e7\u00f5es abertas para o processo classificat\u00f3rio do 7\u00b0 CPM"},"content":{"rendered":"\n<figure class=\"wp-block-image size-full\"><img loading=\"lazy\" decoding=\"async\" width=\"897\" height=\"204\" src=\"https:\/\/radiostudiow.com.br\/site\/wp-content\/uploads\/2024\/01\/SITE-GRANDE3.png\" alt=\"zaions\" class=\"wp-image-18936\" srcset=\"https:\/\/radiostudiow.com.br\/site\/wp-content\/uploads\/2024\/01\/SITE-GRANDE3.png 897w, https:\/\/radiostudiow.com.br\/site\/wp-content\/uploads\/2024\/01\/SITE-GRANDE3-300x68.png 300w, https:\/\/radiostudiow.com.br\/site\/wp-content\/uploads\/2024\/01\/SITE-GRANDE3-768x175.png 768w\" sizes=\"auto, (max-width: 897px) 100vw, 897px\" \/><\/figure>\n\n\n\n<p>O 7\u00b0 Col\u00e9gio da Pol\u00edcia Militar do Paran\u00e1 (CPM) em Uni\u00e3o da Vit\u00f3ria est\u00e1 com inscri\u00e7\u00f5es abertas para o Processo Classificat\u00f3rio de 2025. Estudantes interessados em ingressar no 6\u00b0 ano do Ensino Fundamental ou na 1\u00aa S\u00e9rie do Ensino M\u00e9dio t\u00eam a oportunidade de concorrer a uma das vagas dispon\u00edveis.<\/p>\n\n\n\n<h4 class=\"wp-block-heading\">Vagas Dispon\u00edveis:<\/h4>\n\n\n\n<ul class=\"wp-block-list\">\n<li><strong>6\u00b0 ano do Ensino Fundamental<\/strong>: 60 vagas<\/li>\n\n\n\n<li><strong>1\u00aa S\u00e9rie do Ensino M\u00e9dio<\/strong>: 36 vagas<\/li>\n<\/ul>\n\n\n\n<p>As inscri\u00e7\u00f5es devem ser realizadas exclusivamente pela internet at\u00e9 o dia&nbsp;<strong>7 de outubro de 2024<\/strong>. Para se inscrever, os candidatos devem acessar o site oficial do processo classificat\u00f3rio:<\/p>\n\n\n\n<p>\ud83c\udf10&nbsp;<a href=\"https:\/\/cpmuniaodavitoria.processoclassificatoriocpm.com.br\/\"><strong>Clique aqui para acessar o site de inscri\u00e7\u00e3o<\/strong><\/a><\/p>\n\n\n\n<figure class=\"wp-block-image size-full\"><img decoding=\"async\" src=\"https:\/\/radiostudiow.com.br\/site\/wp-content\/uploads\/2024\/04\/SITE-MEDIO.png\" alt=\"\" class=\"wp-image-21854\"\/><\/figure>\n\n\n\n<h4 class=\"wp-block-heading\">Data das Provas:<\/h4>\n\n\n\n<p>As provas ser\u00e3o aplicadas no dia&nbsp;<strong>24 de novembro de 2024 (Domingo)<\/strong>, oferecendo uma chance \u00fanica para os candidatos demonstrarem seus conhecimentos e conquistarem uma vaga no renomado col\u00e9gio.<\/p>\n\n\n\n<p>Para mais informa\u00e7\u00f5es, os interessados podem entrar em contato atrav\u00e9s do telefone&nbsp;<strong>(42) 3522-3143<\/strong>.<\/p>\n\n\n\n<p>Venha fazer parte da fam\u00edlia CPM e garantir uma educa\u00e7\u00e3o de excel\u00eancia para o seu futuro!<\/p>\n","protected":false},"excerpt":{"rendered":"<p>O 7\u00b0 Col\u00e9gio da Pol\u00edcia Militar do Paran\u00e1 (CPM) em Uni\u00e3o da Vit\u00f3ria est\u00e1 com inscri\u00e7\u00f5es abertas para o Processo Classificat\u00f3rio de 2025. Estudantes interessados em ingressar no 6\u00b0 ano do Ensino Fundamental ou na 1\u00aa S\u00e9rie do Ensino M\u00e9dio t\u00eam a oportunidade de concorrer a uma das vagas dispon\u00edveis. Vagas Dispon\u00edveis: As inscri\u00e7\u00f5es devem [&hellip;]<\/p>\n","protected":false},"author":2,"featured_media":26622,"comment_status":"open","ping_status":"open","sticky":false,"template":"","format":"standard","meta":{"footnotes":""},"categories":[7],"tags":[172],"class_list":["post-26621","post","type-post","status-publish","format-standard","has-post-thumbnail","hentry","category-geral","tag-featured"],"amp_enabled":true,"_links":{"self":[{"href":"https:\/\/radiostudiow.com.br\/site\/wp-json\/wp\/v2\/posts\/26621","targetHints":{"allow":["GET"]}}],"collection":[{"href":"https:\/\/radiostudiow.com.br\/site\/wp-json\/wp\/v2\/posts"}],"about":[{"href":"https:\/\/radiostudiow.com.br\/site\/wp-json\/wp\/v2\/types\/post"}],"author":[{"embeddable":true,"href":"https:\/\/radiostudiow.com.br\/site\/wp-json\/wp\/v2\/users\/2"}],"replies":[{"embeddable":true,"href":"https:\/\/radiostudiow.com.br\/site\/wp-json\/wp\/v2\/comments?post=26621"}],"version-history":[{"count":1,"href":"https:\/\/radiostudiow.com.br\/site\/wp-json\/wp\/v2\/posts\/26621\/revisions"}],"predecessor-version":[{"id":26623,"href":"https:\/\/radiostudiow.com.br\/site\/wp-json\/wp\/v2\/posts\/26621\/revisions\/26623"}],"wp:featuredmedia":[{"embeddable":true,"href":"https:\/\/radiostudiow.com.br\/site\/wp-json\/wp\/v2\/media\/26622"}],"wp:attachment":[{"href":"https:\/\/radiostudiow.com.br\/site\/wp-json\/wp\/v2\/media?parent=26621"}],"wp:term":[{"taxonomy":"category","embeddable":true,"href":"https:\/\/radiostudiow.com.br\/site\/wp-json\/wp\/v2\/categories?post=26621"},{"taxonomy":"post_tag","embeddable":true,"href":"https:\/\/radiostudiow.com.br\/site\/wp-json\/wp\/v2\/tags?post=26621"}],"curies":[{"name":"wp","href":"https:\/\/api.w.org\/{rel}","templated":true}]}}