{"id":26673,"date":"2024-08-29T09:36:25","date_gmt":"2024-08-29T12:36:25","guid":{"rendered":"https:\/\/radiostudiow.com.br\/site\/?p=26673"},"modified":"2025-01-31T14:58:58","modified_gmt":"2025-01-31T17:58:58","slug":"armas-e-municoes-sao-apreendidas-em-operacao-no-interior-de-rio-azul","status":"publish","type":"post","link":"https:\/\/radiostudiow.com.br\/site\/2024\/08\/29\/armas-e-municoes-sao-apreendidas-em-operacao-no-interior-de-rio-azul\/","title":{"rendered":"Armas e muni\u00e7\u00f5es s\u00e3o apreendidas em opera\u00e7\u00e3o no interior de Rio Azul"},"content":{"rendered":"\n<p>A Pol\u00edcia Militar aprendeu armas e muni\u00e7\u00f5es durante uma opera\u00e7\u00e3o de combate a ca\u00e7a ilegal no interior de Rio Azul na manh\u00e3 de ter\u00e7a-feira (27).<\/p>\n\n\n\n<figure class=\"wp-block-image size-full is-resized\"><img loading=\"lazy\" decoding=\"async\" width=\"897\" height=\"204\" src=\"https:\/\/radiostudiow.com.br\/site\/wp-content\/uploads\/2024\/04\/image-50.png\" alt=\"\" class=\"wp-image-21368\" style=\"width:734px;height:auto\" srcset=\"https:\/\/radiostudiow.com.br\/site\/wp-content\/uploads\/2024\/04\/image-50.png 897w, https:\/\/radiostudiow.com.br\/site\/wp-content\/uploads\/2024\/04\/image-50-300x68.png 300w, https:\/\/radiostudiow.com.br\/site\/wp-content\/uploads\/2024\/04\/image-50-768x175.png 768w\" sizes=\"auto, (max-width: 897px) 100vw, 897px\" \/><\/figure>\n\n\n\n<p>A a\u00e7\u00e3o foi realizada pela Delegacia de Mallet em conjunto com os policiais do 27\u00ba Batalh\u00e3o de Uni\u00e3o da Vit\u00f3ria e da 8\u00aa Cia de Irati. O objetivo da opera\u00e7\u00e3o foi cumprir mandados de busca e apreens\u00e3o expedidos pela Comarca de Mallet. Duas resid\u00eancias foram vistoriadas na localidade de Lageado de Cima, no interior de Rio Azul.<\/p>\n\n\n\n<p>Em uma casa foram encontradas duas espingardas, sendo uma de calibre 28 e outra 32, muni\u00e7\u00f5es, uma carabina a g\u00e1s, uma carabina de press\u00e3o, quatro r\u00e1dios comunicadores port\u00e1teis, al\u00e9m de diversos objetos, apetrechos de ca\u00e7a e pesca e carnes congeladas. Na segunda casa que foi alvo da opera\u00e7\u00e3o foram localizadas muni\u00e7\u00f5es e uma espingarda calibre 20.<\/p>\n\n\n\n<figure class=\"wp-block-image size-full\"><img decoding=\"async\" src=\"https:\/\/radiostudiow.com.br\/site\/wp-content\/uploads\/2024\/04\/SITE-MEDIO.png\" alt=\"\" class=\"wp-image-21854\"\/><\/figure>\n\n\n\n<p>De acordo com a PM, os moradores abordados foram liberados no local. As armas e objetos foram apreendidos e encaminhados \u00e0 Delegacia de Mallet.<\/p>\n","protected":false},"excerpt":{"rendered":"<p>A Pol\u00edcia Militar aprendeu armas e muni\u00e7\u00f5es durante uma opera\u00e7\u00e3o de combate a ca\u00e7a ilegal no interior de Rio Azul na manh\u00e3 de ter\u00e7a-feira (27). A a\u00e7\u00e3o foi realizada pela Delegacia de Mallet em conjunto com os policiais do 27\u00ba Batalh\u00e3o de Uni\u00e3o da Vit\u00f3ria e da 8\u00aa Cia de Irati. O objetivo da opera\u00e7\u00e3o [&hellip;]<\/p>\n","protected":false},"author":2,"featured_media":26675,"comment_status":"open","ping_status":"open","sticky":false,"template":"","format":"standard","meta":{"footnotes":""},"categories":[2],"tags":[172],"class_list":["post-26673","post","type-post","status-publish","format-standard","has-post-thumbnail","hentry","category-policial","tag-featured"],"amp_enabled":true,"_links":{"self":[{"href":"https:\/\/radiostudiow.com.br\/site\/wp-json\/wp\/v2\/posts\/26673","targetHints":{"allow":["GET"]}}],"collection":[{"href":"https:\/\/radiostudiow.com.br\/site\/wp-json\/wp\/v2\/posts"}],"about":[{"href":"https:\/\/radiostudiow.com.br\/site\/wp-json\/wp\/v2\/types\/post"}],"author":[{"embeddable":true,"href":"https:\/\/radiostudiow.com.br\/site\/wp-json\/wp\/v2\/users\/2"}],"replies":[{"embeddable":true,"href":"https:\/\/radiostudiow.com.br\/site\/wp-json\/wp\/v2\/comments?post=26673"}],"version-history":[{"count":1,"href":"https:\/\/radiostudiow.com.br\/site\/wp-json\/wp\/v2\/posts\/26673\/revisions"}],"predecessor-version":[{"id":26676,"href":"https:\/\/radiostudiow.com.br\/site\/wp-json\/wp\/v2\/posts\/26673\/revisions\/26676"}],"wp:featuredmedia":[{"embeddable":true,"href":"https:\/\/radiostudiow.com.br\/site\/wp-json\/wp\/v2\/media\/26675"}],"wp:attachment":[{"href":"https:\/\/radiostudiow.com.br\/site\/wp-json\/wp\/v2\/media?parent=26673"}],"wp:term":[{"taxonomy":"category","embeddable":true,"href":"https:\/\/radiostudiow.com.br\/site\/wp-json\/wp\/v2\/categories?post=26673"},{"taxonomy":"post_tag","embeddable":true,"href":"https:\/\/radiostudiow.com.br\/site\/wp-json\/wp\/v2\/tags?post=26673"}],"curies":[{"name":"wp","href":"https:\/\/api.w.org\/{rel}","templated":true}]}}