{"id":26677,"date":"2024-08-29T09:42:38","date_gmt":"2024-08-29T12:42:38","guid":{"rendered":"https:\/\/radiostudiow.com.br\/site\/?p=26677"},"modified":"2025-01-31T14:58:58","modified_gmt":"2025-01-31T17:58:58","slug":"taxistas-fazem-manifesto-pedindo-por-justica-para-colega-assassinado-delegado-traz-mais-detalhes-sobre-o-caso","status":"publish","type":"post","link":"https:\/\/radiostudiow.com.br\/site\/2024\/08\/29\/taxistas-fazem-manifesto-pedindo-por-justica-para-colega-assassinado-delegado-traz-mais-detalhes-sobre-o-caso\/","title":{"rendered":"Taxistas fazem manifesto pedindo por justi\u00e7a para colega assassinado. Delegado traz mais detalhes sobre o caso"},"content":{"rendered":"\n<p>Taxistas de Canoinhas fizeram um buzina\u00e7o na manh\u00e3 desta quarta-feira, 28.&nbsp;Eles passaram pelas ruas principais da cidade e se dirigiram ao Centro de Vel\u00f3rios Unissel, em frente ao Cemit\u00e9rio Municipal, onde o corpo de&nbsp;Aloir Jankovski, 64 anos, estava sendo velado.<\/p>\n\n\n\n<figure class=\"wp-block-image size-full\"><img loading=\"lazy\" decoding=\"async\" width=\"897\" height=\"204\" src=\"https:\/\/radiostudiow.com.br\/site\/wp-content\/uploads\/2024\/04\/image-51.png\" alt=\"\" class=\"wp-image-21370\" srcset=\"https:\/\/radiostudiow.com.br\/site\/wp-content\/uploads\/2024\/04\/image-51.png 897w, https:\/\/radiostudiow.com.br\/site\/wp-content\/uploads\/2024\/04\/image-51-300x68.png 300w, https:\/\/radiostudiow.com.br\/site\/wp-content\/uploads\/2024\/04\/image-51-768x175.png 768w\" sizes=\"auto, (max-width: 897px) 100vw, 897px\" \/><\/figure>\n\n\n\n<p>Aloir foi assassinado com pelo menos oito facadas durante um assalto na noite de segunda-feira, 26 de agosto, ao fazer uma corrida de Canoinhas a Bela Vista do Toldo a pedido de tr\u00eas adolescentes. Os tr\u00eas foram detidos com o carro do taxista na mesma noite na cidade de Joinville.<\/p>\n\n\n\n<p>Segundo o delegado Darci Nadal Junior, que assumiu o inqu\u00e9rito, os tr\u00eas menores permanecem apreendidos na Delegacia de Joinville, mas devem ser trazidos para Canoinhas, onde ser\u00e3o apresentados ao Minist\u00e9rio P\u00fablico. Eles devem ser indiciados pela pr\u00e1tica de ato infracional an\u00e1logo ao latroc\u00ednio.<\/p>\n\n\n\n<figure class=\"wp-block-image size-full\"><img loading=\"lazy\" decoding=\"async\" width=\"720\" height=\"481\" src=\"https:\/\/radiostudiow.com.br\/site\/wp-content\/uploads\/2024\/08\/01-8.jpg\" alt=\"\" class=\"wp-image-26614\" srcset=\"https:\/\/radiostudiow.com.br\/site\/wp-content\/uploads\/2024\/08\/01-8.jpg 720w, https:\/\/radiostudiow.com.br\/site\/wp-content\/uploads\/2024\/08\/01-8-300x200.jpg 300w\" sizes=\"auto, (max-width: 720px) 100vw, 720px\" \/><\/figure>\n\n\n\n<p>Menores infratores, via de regra, s\u00e3o levados a uma funda\u00e7\u00e3o de reeduca\u00e7\u00e3o onde podem ficar pelo tempo m\u00e1ximo de tr\u00eas anos. Ao completarem 18 anos a ficha criminal deles \u00e9 limpa automaticamente.<\/p>\n\n\n\n<p>O mais velho deles, de 17 anos, possui passagens criminais por furto e por corromper ou facilitar a corrup\u00e7\u00e3o de menores de 18 anos, seja induzindo-os a cometer infra\u00e7\u00f5es penais ou praticando atos ilegais com eles.<\/p>\n\n\n\n<p>Os outros dois t\u00eam 16 anos. O primeiro, que \u00e9 de Itaja\u00ed, tem ocorr\u00eancias envolvendo estupro de vulner\u00e1vel, tr\u00e1fico de drogas, cumprimento de mandado de busca e apreens\u00e3o, e amea\u00e7a. J\u00e1 o outro de 16 anos n\u00e3o possui hist\u00f3rico criminal registrado.<\/p>\n\n\n\n<figure class=\"wp-block-image size-full\"><img loading=\"lazy\" decoding=\"async\" width=\"598\" height=\"204\" src=\"https:\/\/radiostudiow.com.br\/site\/wp-content\/uploads\/2024\/04\/image-29.png\" alt=\"\" class=\"wp-image-21283\" srcset=\"https:\/\/radiostudiow.com.br\/site\/wp-content\/uploads\/2024\/04\/image-29.png 598w, https:\/\/radiostudiow.com.br\/site\/wp-content\/uploads\/2024\/04\/image-29-300x102.png 300w\" sizes=\"auto, (max-width: 598px) 100vw, 598px\" \/><\/figure>\n\n\n\n<figure class=\"wp-block-embed is-type-wp-embed is-provider-studio-w wp-block-embed-studio-w\"><div class=\"wp-block-embed__wrapper\">\n<blockquote class=\"wp-embedded-content\" data-secret=\"Ede6oHlYfA\"><a href=\"https:\/\/radiostudiow.com.br\/site\/2024\/08\/27\/tres-adolescentes-roubam-e-matam-taxista-a-facadas-em-canoinhas\/\">Tr\u00eas adolescentes roubam e matam taxista a facadas em Canoinhas<\/a><\/blockquote><iframe loading=\"lazy\" class=\"wp-embedded-content\" sandbox=\"allow-scripts\" security=\"restricted\" style=\"position: absolute; visibility: hidden;\" title=\"&#8220;Tr\u00eas adolescentes roubam e matam taxista a facadas em Canoinhas&#8221; &#8212; Studio W\" src=\"https:\/\/radiostudiow.com.br\/site\/2024\/08\/27\/tres-adolescentes-roubam-e-matam-taxista-a-facadas-em-canoinhas\/embed\/#?secret=6q1rbyBeNt#?secret=Ede6oHlYfA\" data-secret=\"Ede6oHlYfA\" width=\"600\" height=\"338\" frameborder=\"0\" marginwidth=\"0\" marginheight=\"0\" scrolling=\"no\"><\/iframe>\n<\/div><\/figure>\n","protected":false},"excerpt":{"rendered":"<p>Taxistas de Canoinhas fizeram um buzina\u00e7o na manh\u00e3 desta quarta-feira, 28.&nbsp;Eles passaram pelas ruas principais da cidade e se dirigiram ao Centro de Vel\u00f3rios Unissel, em frente ao Cemit\u00e9rio Municipal, onde o corpo de&nbsp;Aloir Jankovski, 64 anos, estava sendo velado. Aloir foi assassinado com pelo menos oito facadas durante um assalto na noite de segunda-feira, [&hellip;]<\/p>\n","protected":false},"author":2,"featured_media":26680,"comment_status":"open","ping_status":"open","sticky":false,"template":"","format":"standard","meta":{"footnotes":""},"categories":[2],"tags":[172],"class_list":["post-26677","post","type-post","status-publish","format-standard","has-post-thumbnail","hentry","category-policial","tag-featured"],"amp_enabled":true,"_links":{"self":[{"href":"https:\/\/radiostudiow.com.br\/site\/wp-json\/wp\/v2\/posts\/26677","targetHints":{"allow":["GET"]}}],"collection":[{"href":"https:\/\/radiostudiow.com.br\/site\/wp-json\/wp\/v2\/posts"}],"about":[{"href":"https:\/\/radiostudiow.com.br\/site\/wp-json\/wp\/v2\/types\/post"}],"author":[{"embeddable":true,"href":"https:\/\/radiostudiow.com.br\/site\/wp-json\/wp\/v2\/users\/2"}],"replies":[{"embeddable":true,"href":"https:\/\/radiostudiow.com.br\/site\/wp-json\/wp\/v2\/comments?post=26677"}],"version-history":[{"count":2,"href":"https:\/\/radiostudiow.com.br\/site\/wp-json\/wp\/v2\/posts\/26677\/revisions"}],"predecessor-version":[{"id":26681,"href":"https:\/\/radiostudiow.com.br\/site\/wp-json\/wp\/v2\/posts\/26677\/revisions\/26681"}],"wp:featuredmedia":[{"embeddable":true,"href":"https:\/\/radiostudiow.com.br\/site\/wp-json\/wp\/v2\/media\/26680"}],"wp:attachment":[{"href":"https:\/\/radiostudiow.com.br\/site\/wp-json\/wp\/v2\/media?parent=26677"}],"wp:term":[{"taxonomy":"category","embeddable":true,"href":"https:\/\/radiostudiow.com.br\/site\/wp-json\/wp\/v2\/categories?post=26677"},{"taxonomy":"post_tag","embeddable":true,"href":"https:\/\/radiostudiow.com.br\/site\/wp-json\/wp\/v2\/tags?post=26677"}],"curies":[{"name":"wp","href":"https:\/\/api.w.org\/{rel}","templated":true}]}}