{"id":26682,"date":"2024-08-29T09:47:53","date_gmt":"2024-08-29T12:47:53","guid":{"rendered":"https:\/\/radiostudiow.com.br\/site\/?p=26682"},"modified":"2025-01-31T14:58:58","modified_gmt":"2025-01-31T17:58:58","slug":"mulheres-poderao-se-alistar-no-servico-militar-aos-18-anos","status":"publish","type":"post","link":"https:\/\/radiostudiow.com.br\/site\/2024\/08\/29\/mulheres-poderao-se-alistar-no-servico-militar-aos-18-anos\/","title":{"rendered":"Mulheres poder\u00e3o se alistar no servi\u00e7o militar aos 18 anos"},"content":{"rendered":"\n<p>Mulheres que queiram se alistar no servi\u00e7o militar poder\u00e3o faz\u00ea-lo&nbsp;voluntariamente no ano em que completar 18 anos de idade. Decreto&nbsp;publicado nesta quarta-feira (28) no&nbsp;Di\u00e1rio Oficial da Uni\u00e3o&nbsp;autoriza a admiss\u00e3o, a partir do pr\u00f3ximo ano, quando dever\u00e3o ser estabelecidos os munic\u00edpios onde haver\u00e1 o alistamento feminino pelo plano geral de convoca\u00e7\u00e3o.<img decoding=\"async\" src=\"https:\/\/agenciabrasil.ebc.com.br\/ebc.png?id=1609650&amp;o=node\"><img decoding=\"async\" src=\"https:\/\/agenciabrasil.ebc.com.br\/ebc.gif?id=1609650&amp;o=node\"><\/p>\n\n\n\n<figure class=\"wp-block-image size-full\"><img loading=\"lazy\" decoding=\"async\" width=\"897\" height=\"204\" src=\"https:\/\/radiostudiow.com.br\/site\/wp-content\/uploads\/2024\/08\/TIJOLAO.png\" alt=\"\" class=\"wp-image-25951\" srcset=\"https:\/\/radiostudiow.com.br\/site\/wp-content\/uploads\/2024\/08\/TIJOLAO.png 897w, https:\/\/radiostudiow.com.br\/site\/wp-content\/uploads\/2024\/08\/TIJOLAO-300x68.png 300w, https:\/\/radiostudiow.com.br\/site\/wp-content\/uploads\/2024\/08\/TIJOLAO-768x175.png 768w\" sizes=\"auto, (max-width: 897px) 100vw, 897px\" \/><\/figure>\n\n\n\n<p>De acordo com as diretrizes estabelecidas, a apresenta\u00e7\u00e3o volunt\u00e1ria de mulheres poder\u00e1 ser feita no per\u00edodo de janeiro a junho do ano em que elas&nbsp;alcan\u00e7am&nbsp;a maioridade. Antes, s\u00f3 podiam&nbsp;ingressar nas For\u00e7as Armadas as profissionais admitidas nos cursos de forma\u00e7\u00e3o de suboficiais e de oficiais.<\/p>\n\n\n\n<p>Com a mudan\u00e7a, ap\u00f3s o alistamento volunt\u00e1rio, elas passar\u00e3o ainda pelas etapas de sele\u00e7\u00e3o, que incluem&nbsp;a inspe\u00e7\u00e3o de sa\u00fade e a incorpora\u00e7\u00e3o, que come\u00e7a&nbsp;com um ato oficial e termina com a conclus\u00e3o de um curso de instru\u00e7\u00e3o para o exerc\u00edcio das fun\u00e7\u00f5es gerais b\u00e1sicas.<\/p>\n\n\n\n<p>A desist\u00eancia do processo \u00e9 admitida at\u00e9 o ato de incorpora\u00e7\u00e3o. Ap\u00f3s essa etapa, o servi\u00e7o militar passa a ser de cumprimento obrigat\u00f3rio e a militar fica sujeita aos deveres e penalidades previstos na legisla\u00e7\u00e3o, como aplica\u00e7\u00e3o de multas e reten\u00e7\u00e3o do certificado de servi\u00e7o militar.<\/p>\n\n\n\n<figure class=\"wp-block-image size-full\"><img loading=\"lazy\" decoding=\"async\" width=\"897\" height=\"204\" src=\"https:\/\/radiostudiow.com.br\/site\/wp-content\/uploads\/2024\/04\/image-7.png\" alt=\"\" class=\"wp-image-21177\" srcset=\"https:\/\/radiostudiow.com.br\/site\/wp-content\/uploads\/2024\/04\/image-7.png 897w, https:\/\/radiostudiow.com.br\/site\/wp-content\/uploads\/2024\/04\/image-7-300x68.png 300w, https:\/\/radiostudiow.com.br\/site\/wp-content\/uploads\/2024\/04\/image-7-768x175.png 768w\" sizes=\"auto, (max-width: 897px) 100vw, 897px\" \/><\/figure>\n\n\n\n<p>As selecionadas ser\u00e3o incorporadas de acordo com as necessidades das For\u00e7as Armadas e o per\u00edodo de servi\u00e7o militar inicial, com dura\u00e7\u00e3o de 12 meses, pode ser prorrogado de acordo com crit\u00e9rios definidos pelas For\u00e7as Armadas.<\/p>\n\n\n\n<p>Assim como os homens convocados ou volunt\u00e1rios que se alistam, as mulheres n\u00e3o ter\u00e3o estabilidade no servi\u00e7o militar e passar\u00e3o a compor a reserva n\u00e3o remunerada das For\u00e7as Armadas ap\u00f3s serem desligadas do servi\u00e7o.<\/p>\n\n\n\n<p><em>Reportagem: Ag\u00eancia Brasil<\/em><\/p>\n","protected":false},"excerpt":{"rendered":"<p>Mulheres que queiram se alistar no servi\u00e7o militar poder\u00e3o faz\u00ea-lo&nbsp;voluntariamente no ano em que completar 18 anos de idade. Decreto&nbsp;publicado nesta quarta-feira (28) no&nbsp;Di\u00e1rio Oficial da Uni\u00e3o&nbsp;autoriza a admiss\u00e3o, a partir do pr\u00f3ximo ano, quando dever\u00e3o ser estabelecidos os munic\u00edpios onde haver\u00e1 o alistamento feminino pelo plano geral de convoca\u00e7\u00e3o. De acordo com as diretrizes [&hellip;]<\/p>\n","protected":false},"author":2,"featured_media":26684,"comment_status":"open","ping_status":"open","sticky":false,"template":"","format":"standard","meta":{"footnotes":""},"categories":[7],"tags":[172],"class_list":["post-26682","post","type-post","status-publish","format-standard","has-post-thumbnail","hentry","category-geral","tag-featured"],"amp_enabled":true,"_links":{"self":[{"href":"https:\/\/radiostudiow.com.br\/site\/wp-json\/wp\/v2\/posts\/26682","targetHints":{"allow":["GET"]}}],"collection":[{"href":"https:\/\/radiostudiow.com.br\/site\/wp-json\/wp\/v2\/posts"}],"about":[{"href":"https:\/\/radiostudiow.com.br\/site\/wp-json\/wp\/v2\/types\/post"}],"author":[{"embeddable":true,"href":"https:\/\/radiostudiow.com.br\/site\/wp-json\/wp\/v2\/users\/2"}],"replies":[{"embeddable":true,"href":"https:\/\/radiostudiow.com.br\/site\/wp-json\/wp\/v2\/comments?post=26682"}],"version-history":[{"count":1,"href":"https:\/\/radiostudiow.com.br\/site\/wp-json\/wp\/v2\/posts\/26682\/revisions"}],"predecessor-version":[{"id":26685,"href":"https:\/\/radiostudiow.com.br\/site\/wp-json\/wp\/v2\/posts\/26682\/revisions\/26685"}],"wp:featuredmedia":[{"embeddable":true,"href":"https:\/\/radiostudiow.com.br\/site\/wp-json\/wp\/v2\/media\/26684"}],"wp:attachment":[{"href":"https:\/\/radiostudiow.com.br\/site\/wp-json\/wp\/v2\/media?parent=26682"}],"wp:term":[{"taxonomy":"category","embeddable":true,"href":"https:\/\/radiostudiow.com.br\/site\/wp-json\/wp\/v2\/categories?post=26682"},{"taxonomy":"post_tag","embeddable":true,"href":"https:\/\/radiostudiow.com.br\/site\/wp-json\/wp\/v2\/tags?post=26682"}],"curies":[{"name":"wp","href":"https:\/\/api.w.org\/{rel}","templated":true}]}}