{"id":26686,"date":"2024-08-29T10:06:19","date_gmt":"2024-08-29T13:06:19","guid":{"rendered":"https:\/\/radiostudiow.com.br\/site\/?p=26686"},"modified":"2025-01-31T14:58:57","modified_gmt":"2025-01-31T17:58:57","slug":"sicredi-centro-sul-pr-sc-rj-inaugura-terceira-agencia-em-prudentopolis-pr","status":"publish","type":"post","link":"https:\/\/radiostudiow.com.br\/site\/2024\/08\/29\/sicredi-centro-sul-pr-sc-rj-inaugura-terceira-agencia-em-prudentopolis-pr\/","title":{"rendered":"Sicredi Centro Sul PR\/SC\/RJ inaugura terceira ag\u00eancia em Prudent\u00f3polis\/PR"},"content":{"rendered":"\n<p><em><strong>Nova ag\u00eancia na Rua Os\u00f3rio Guimar\u00e3es consolida o crescimento da cooperativa, que comemora 40 anos em agosto<\/strong><\/em><\/p>\n\n\n\n<figure class=\"wp-block-image size-full\"><img loading=\"lazy\" decoding=\"async\" width=\"897\" height=\"204\" src=\"https:\/\/radiostudiow.com.br\/site\/wp-content\/uploads\/2024\/04\/image-37.png\" alt=\"\" class=\"wp-image-21305\" srcset=\"https:\/\/radiostudiow.com.br\/site\/wp-content\/uploads\/2024\/04\/image-37.png 897w, https:\/\/radiostudiow.com.br\/site\/wp-content\/uploads\/2024\/04\/image-37-300x68.png 300w, https:\/\/radiostudiow.com.br\/site\/wp-content\/uploads\/2024\/04\/image-37-768x175.png 768w\" sizes=\"auto, (max-width: 897px) 100vw, 897px\" \/><\/figure>\n\n\n\n<p>Refor\u00e7ando o compromisso com a proximidade aos associados e consolidando o<br>crescimento da cooperativa, Prudent\u00f3polis (PR) recebeu sua terceira ag\u00eancia do Sicredi em<br>agosto. Inaugurada na sexta-feira (23), a nova unidade est\u00e1 localizada na Rua Os\u00f3rio<br>Guimar\u00e3es e conta com arquitetura inteligente e sustent\u00e1vel. Estiveram presentes na<br>cerim\u00f4nia de abertura colaboradores, diretores, conselheiros e associados da Sicredi<br>Centro Sul PR\/SC\/RJ, al\u00e9m de autoridades p\u00fablicas, imprensa e outros convidados.<\/p>\n\n\n\n<p>Para o presidente da Sicredi Centro Sul PR\/SC\/RJ, Santo Cappellari, a inaugura\u00e7\u00e3o da<br>terceira ag\u00eancia refor\u00e7a a qualidade do atendimento aos associados e tamb\u00e9m carrega um<br>simbolismo hist\u00f3rico. <strong><em>\u201cPrudent\u00f3polis \u00e9 um local especial na hist\u00f3ria da nossa cooperativa,<br>uma vez que foi no munic\u00edpio que a hist\u00f3ria da Sicredi Centro Sul come\u00e7ou h\u00e1 40 anos.<br>Inaugurar a 3\u00aa ag\u00eancia no munic\u00edpio \u00e9 um grande marco e consolida o nosso compromisso<br>com o melhor atendimento aos nossos associados e a expans\u00e3o do cooperativismo para<br>cada vez mais pessoas\u201d, comemorou.<\/em><\/strong><\/p>\n\n\n\n<div class=\"wp-block-media-text is-stacked-on-mobile\"><figure class=\"wp-block-media-text__media\"><img loading=\"lazy\" decoding=\"async\" width=\"1024\" height=\"684\" src=\"https:\/\/radiostudiow.com.br\/site\/wp-content\/uploads\/2024\/08\/INAUGURACAO_SICREDI_PRUDE-041-1024x684.jpg\" alt=\"\" class=\"wp-image-26689 size-full\" srcset=\"https:\/\/radiostudiow.com.br\/site\/wp-content\/uploads\/2024\/08\/INAUGURACAO_SICREDI_PRUDE-041-1024x684.jpg 1024w, https:\/\/radiostudiow.com.br\/site\/wp-content\/uploads\/2024\/08\/INAUGURACAO_SICREDI_PRUDE-041-300x200.jpg 300w, https:\/\/radiostudiow.com.br\/site\/wp-content\/uploads\/2024\/08\/INAUGURACAO_SICREDI_PRUDE-041-768x513.jpg 768w, https:\/\/radiostudiow.com.br\/site\/wp-content\/uploads\/2024\/08\/INAUGURACAO_SICREDI_PRUDE-041-1536x1026.jpg 1536w, https:\/\/radiostudiow.com.br\/site\/wp-content\/uploads\/2024\/08\/INAUGURACAO_SICREDI_PRUDE-041-2048x1368.jpg 2048w\" sizes=\"auto, (max-width: 1024px) 100vw, 1024px\" \/><\/figure><div class=\"wp-block-media-text__content\">\n<p><em>Presidente da Sicredi Centro Sul PR\/SC\/RJ, Santo Cappellari.<\/em><\/p>\n<\/div><\/div>\n\n\n\n<p>Localizada no centro da cidade, a ag\u00eancia oferece modernidade, conforto e proximidade por<br>meio de uma estrutura que equilibra tecnologia e sustentabilidade. A arquitetura do local<br>valoriza a ilumina\u00e7\u00e3o natural dos ambientes, possui climatiza\u00e7\u00e3o que consome cerca de<br>40% menos energia e utiliza g\u00e1s n\u00e3o poluente, conta com instala\u00e7\u00e3o para produ\u00e7\u00e3o de<br>energia fotovoltaica, paisagismo nativo e sistema de capta\u00e7\u00e3o de \u00e1gua de chuva. Com<br>1.400 metros quadrados, a ag\u00eancia tamb\u00e9m disp\u00f5e de suportes para acessibilidade,<br>coworking e \u00e1rea kids.<\/p>\n\n\n\n<p>Outro destaque s\u00e3o os caixas eletr\u00f4nicos recicladores digitais, que n\u00e3o utilizam envelopes<br>para dep\u00f3sitos, pois a contagem de c\u00e9dulas \u00e9 feita de modo autom\u00e1tico e o valor<br>depositado entra na conta corrente imediatamente.<\/p>\n\n\n\n<h2 class=\"wp-block-heading\">Comemora\u00e7\u00e3o dos 40 anos<\/h2>\n\n\n\n<p>No dia 25 de agosto, a Sicredi Centro Sul PR\/SC\/RJ celebra 40 anos de exist\u00eancia, com um<br>total de 31 ag\u00eancias, sendo 23 nos estados do Paran\u00e1 e Santa Catarina e oito no estado do<br>Rio de Janeiro. At\u00e9 o final do ano, est\u00e3o previstas as inaugura\u00e7\u00f5es de cinco novas ag\u00eancias<br>na \u00e1rea de atua\u00e7\u00e3o da cooperativa. Com mais de 70 mil associados e 600 colaboradores,<br>os 40 anos da cooperativa marcam o compromisso em oferecer solu\u00e7\u00f5es financeiras para<br>cada perfil de associado, de forma personalizada e sempre alinhada aos princ\u00edpios do<br>cooperativismo.<\/p>\n\n\n\n<figure class=\"wp-block-image size-large\"><img loading=\"lazy\" decoding=\"async\" width=\"1024\" height=\"684\" src=\"https:\/\/radiostudiow.com.br\/site\/wp-content\/uploads\/2024\/08\/INAUGURACAO_SICREDI_PRUDE-084-1024x684.jpg\" alt=\"\" class=\"wp-image-26688\" srcset=\"https:\/\/radiostudiow.com.br\/site\/wp-content\/uploads\/2024\/08\/INAUGURACAO_SICREDI_PRUDE-084-1024x684.jpg 1024w, https:\/\/radiostudiow.com.br\/site\/wp-content\/uploads\/2024\/08\/INAUGURACAO_SICREDI_PRUDE-084-300x200.jpg 300w, https:\/\/radiostudiow.com.br\/site\/wp-content\/uploads\/2024\/08\/INAUGURACAO_SICREDI_PRUDE-084-768x513.jpg 768w, https:\/\/radiostudiow.com.br\/site\/wp-content\/uploads\/2024\/08\/INAUGURACAO_SICREDI_PRUDE-084-1536x1026.jpg 1536w, https:\/\/radiostudiow.com.br\/site\/wp-content\/uploads\/2024\/08\/INAUGURACAO_SICREDI_PRUDE-084-2048x1368.jpg 2048w\" sizes=\"auto, (max-width: 1024px) 100vw, 1024px\" \/><\/figure>\n\n\n\n<p><em><strong>Sobre o Sicredi<\/strong><\/em><\/p>\n\n\n\n<p><em>O Sicredi \u00e9 uma institui\u00e7\u00e3o financeira cooperativa comprometida com o crescimento de seus associados e com o desenvolvimento das regi\u00f5es onde atua. Possui um modelo de gest\u00e3o que valoriza a participa\u00e7\u00e3o dos mais de 8 milh\u00f5es de associados, que exercem o papel de donos do neg\u00f3cio. Com mais de 2.700 ag\u00eancias, o Sicredi est\u00e1 presente fisicamente em todos os estados brasileiros e no Distrito Federal, disponibilizando uma gama completa de solu\u00e7\u00f5es financeiras e muito mais.<\/em><\/p>\n\n\n\n<p><em>Site do Sicredi:<\/em><a href=\"http:\/\/www.sicredi.com.br\/site\" target=\"_blank\" rel=\"noreferrer noopener\"><em>&nbsp;Clique aqui<\/em><\/a><\/p>\n","protected":false},"excerpt":{"rendered":"<p>Nova ag\u00eancia na Rua Os\u00f3rio Guimar\u00e3es consolida o crescimento da cooperativa, que comemora 40 anos em agosto Refor\u00e7ando o compromisso com a proximidade aos associados e consolidando ocrescimento da cooperativa, Prudent\u00f3polis (PR) recebeu sua terceira ag\u00eancia do Sicredi emagosto. Inaugurada na sexta-feira (23), a nova unidade est\u00e1 localizada na Rua Os\u00f3rioGuimar\u00e3es e conta com arquitetura [&hellip;]<\/p>\n","protected":false},"author":2,"featured_media":26687,"comment_status":"open","ping_status":"open","sticky":false,"template":"","format":"standard","meta":{"footnotes":""},"categories":[7],"tags":[172],"class_list":["post-26686","post","type-post","status-publish","format-standard","has-post-thumbnail","hentry","category-geral","tag-featured"],"amp_enabled":true,"_links":{"self":[{"href":"https:\/\/radiostudiow.com.br\/site\/wp-json\/wp\/v2\/posts\/26686","targetHints":{"allow":["GET"]}}],"collection":[{"href":"https:\/\/radiostudiow.com.br\/site\/wp-json\/wp\/v2\/posts"}],"about":[{"href":"https:\/\/radiostudiow.com.br\/site\/wp-json\/wp\/v2\/types\/post"}],"author":[{"embeddable":true,"href":"https:\/\/radiostudiow.com.br\/site\/wp-json\/wp\/v2\/users\/2"}],"replies":[{"embeddable":true,"href":"https:\/\/radiostudiow.com.br\/site\/wp-json\/wp\/v2\/comments?post=26686"}],"version-history":[{"count":1,"href":"https:\/\/radiostudiow.com.br\/site\/wp-json\/wp\/v2\/posts\/26686\/revisions"}],"predecessor-version":[{"id":26690,"href":"https:\/\/radiostudiow.com.br\/site\/wp-json\/wp\/v2\/posts\/26686\/revisions\/26690"}],"wp:featuredmedia":[{"embeddable":true,"href":"https:\/\/radiostudiow.com.br\/site\/wp-json\/wp\/v2\/media\/26687"}],"wp:attachment":[{"href":"https:\/\/radiostudiow.com.br\/site\/wp-json\/wp\/v2\/media?parent=26686"}],"wp:term":[{"taxonomy":"category","embeddable":true,"href":"https:\/\/radiostudiow.com.br\/site\/wp-json\/wp\/v2\/categories?post=26686"},{"taxonomy":"post_tag","embeddable":true,"href":"https:\/\/radiostudiow.com.br\/site\/wp-json\/wp\/v2\/tags?post=26686"}],"curies":[{"name":"wp","href":"https:\/\/api.w.org\/{rel}","templated":true}]}}