{"id":26691,"date":"2024-08-29T19:21:26","date_gmt":"2024-08-29T22:21:26","guid":{"rendered":"https:\/\/radiostudiow.com.br\/site\/?p=26691"},"modified":"2025-01-31T14:58:57","modified_gmt":"2025-01-31T17:58:57","slug":"29-de-agosto-dia-nacional-de-combate-ao-fumo","status":"publish","type":"post","link":"https:\/\/radiostudiow.com.br\/site\/2024\/08\/29\/29-de-agosto-dia-nacional-de-combate-ao-fumo\/","title":{"rendered":"29 de agosto &#8211; Dia Nacional de Combate ao Fumo"},"content":{"rendered":"\n<p>Cuidar da sa\u00fade das pernas passa por diversos h\u00e1bitos que incluem a boa alimenta\u00e7\u00e3o, atividade f\u00edsica, check-ups peri\u00f3dicos e evitar o consumo de produtos que podem causar impactos graves ao organismo, como o tabaco. O tabagismo \u00e9 um dos principais fatores para o surgimento da trombose venosa profunda (TVP), caracterizada pela forma\u00e7\u00e3o de co\u00e1gulos no interior dos vasos, impedindo a circula\u00e7\u00e3o regular do sangue para o cora\u00e7\u00e3o. Em 90% dos casos, as veias mais atingidas pela doen\u00e7a s\u00e3o dos membros inferiores.<\/p>\n\n\n\n<figure class=\"wp-block-image size-full\"><img decoding=\"async\" src=\"https:\/\/radiostudiow.com.br\/site\/wp-content\/uploads\/2024\/04\/SITE-MEDIO.png\" alt=\"\" class=\"wp-image-21854\"\/><\/figure>\n\n\n\n<p><strong>Fumantes no Brasil<\/strong><\/p>\n\n\n\n<p>Cerca de 12% da popula\u00e7\u00e3o adulta brasileira \u00e9 fumante, o que pode representar uma fatia de aproximadamente 25 milh\u00f5es de pessoas. Os dados foram divulgados em 2023 pela plataforma Progress Hub, que monitora a implementa\u00e7\u00e3o das propostas da Conven\u00e7\u00e3o-Quadro da Organiza\u00e7\u00e3o Mundial da Sa\u00fade (OMS) para o Controle do Tabaco. O resultado \u00e9 7% menor do que a m\u00e9dia global, no entanto, ainda preocupa os profissionais da sa\u00fade e as sociedades m\u00e9dicas especializadas.<\/p>\n\n\n\n<p>Conforme dados da Sociedade Brasileira de Angiologia e de Cirurgia Vascular (SBACV), 489 mil brasileiros foram internados para o tratamento de tromboses venosas entre janeiro de 2012 e agosto de 2023. Um \u00edndice considerado alto pela entidade. Al\u00e9m da TVP, o tabagismo tamb\u00e9m pode causar a tromboange\u00edte obliterante, que se caracteriza pela obstru\u00e7\u00e3o gradativa at\u00e9 o bloqueio total da circula\u00e7\u00e3o de sangue nos membros inferiores, o que causa a amputa\u00e7\u00e3o de p\u00e9s e pernas.<\/p>\n\n\n\n<figure class=\"wp-block-image size-full\"><img loading=\"lazy\" decoding=\"async\" width=\"600\" height=\"450\" src=\"https:\/\/radiostudiow.com.br\/site\/wp-content\/uploads\/2024\/08\/01-2.png\" alt=\"\" class=\"wp-image-26723\" srcset=\"https:\/\/radiostudiow.com.br\/site\/wp-content\/uploads\/2024\/08\/01-2.png 600w, https:\/\/radiostudiow.com.br\/site\/wp-content\/uploads\/2024\/08\/01-2-300x225.png 300w\" sizes=\"auto, (max-width: 600px) 100vw, 600px\" \/><\/figure>\n\n\n\n<p><strong>Cuidados para evitar a TVP<\/strong><\/p>\n\n\n\n<p><strong>Fatores de risco:<\/strong>&nbsp;al\u00e9m do tabagismo, outras condi\u00e7\u00f5es aumentam as chances para o surgimento da TVP, como o uso de anticoncepcionais ou tratamentos hormonais, varizes, pacientes com insufici\u00eancia card\u00edaca, c\u00e2ncer, obesidade e hist\u00f3rico pr\u00e9vio de trombose venosa.<\/p>\n\n\n\n<p><strong>Ficar parado:&nbsp;<\/strong>qualquer situa\u00e7\u00e3o que diminua a mobilidade do indiv\u00edduo pode ser um risco para o surgimento da TVP. Entre as situa\u00e7\u00f5es mais comuns est\u00e3o as longas viagens, interna\u00e7\u00f5es, paralisias, etc.<\/p>\n\n\n\n<p><strong>Terapia de compress\u00e3o:<\/strong>&nbsp;conforme a orienta\u00e7\u00e3o m\u00e9dica, o uso das meias de compress\u00e3o pode ser ben\u00e9fico para tratamento de problemas relacionados \u00e0 circula\u00e7\u00e3o nas pernas, promovendo melhor funcionamento do sistema venoso. Existem modelos espec\u00edficos para este tipo de situa\u00e7\u00e3o e devem ser escolhidas segundo as medidas de cada pessoa. A meia pode ser utilizada por qualquer adulto saud\u00e1vel.<\/p>\n\n\n\n<p>No entanto, a recomenda\u00e7\u00e3o \u00e9 que gestantes, pessoas que utilizam anticoncepcionais orais, idosos e pacientes com quadros de diabetes, hipertens\u00e3o, obesidade, doen\u00e7as que afetam o sistema linf\u00e1tico e isquemia, devem conversar com um m\u00e9dico antes.<\/p>\n\n\n\n<figure class=\"wp-block-image size-full\"><img loading=\"lazy\" decoding=\"async\" width=\"900\" height=\"408\" src=\"https:\/\/radiostudiow.com.br\/site\/wp-content\/uploads\/2024\/08\/image-64.png\" alt=\"\" class=\"wp-image-26531\" srcset=\"https:\/\/radiostudiow.com.br\/site\/wp-content\/uploads\/2024\/08\/image-64.png 900w, https:\/\/radiostudiow.com.br\/site\/wp-content\/uploads\/2024\/08\/image-64-300x136.png 300w, https:\/\/radiostudiow.com.br\/site\/wp-content\/uploads\/2024\/08\/image-64-768x348.png 768w\" sizes=\"auto, (max-width: 900px) 100vw, 900px\" \/><\/figure>\n\n\n\n<p>A meia de compress\u00e3o colabora para a circula\u00e7\u00e3o saud\u00e1vel em diferentes situa\u00e7\u00f5es do cotidiano, auxiliando na preven\u00e7\u00e3o de doen\u00e7as venosas, diminuindo a sensa\u00e7\u00e3o de cansa\u00e7o muscular e aumentando o conforto das pernas. Modelos como os produzidos pela SIGVARIS GROUP, empresa global com solu\u00e7\u00f5es inovadoras e de alta qualidade em terapia de compress\u00e3o m\u00e9dica, podem se adequar a qualquer necessidade pessoa, desde viagens longas, a esportes e p\u00f3s-cir\u00fargicos, com efic\u00e1cia o tratamento de doen\u00e7as venosas e linf\u00e1ticas.<\/p>\n\n\n\n<p><strong>A batalha contra o cigarro n\u00e3o precisa ser uma batalha solit\u00e1ria<\/strong><\/p>\n\n\n\n<p>Com o acompanhamento dos profissionais certos, as chances de sucesso aumentam.&nbsp;Procure a Unidade B\u00e1sica de Sa\u00fade (UBS) mais perto e se informe sobre o Programa Estadual de Controle do Tabagismo.<\/p>\n\n\n\n<p>O atendimento \u00e0 pessoa tabagista \u00e9 realizado prioritariamente nas UBS, por equipes multiprofissionais compostas por m\u00e9dicos, enfermeiros, cirurgi\u00f5es dentistas, psic\u00f3logos, assistentes sociais, farmac\u00eauticos, nutricionistas e outros. O programa de atendimento tem como eixo principal a abordagem cognitiva comportamental e apoio medicamentoso, se necess\u00e1rio. Depois da avalia\u00e7\u00e3o cl\u00ednica, organizam-se grupos de fumantes, coordenados por profissionais capacitados que desenvolvem estrat\u00e9gias para promover mudan\u00e7a de comportamento e h\u00e1bitos saud\u00e1veis de vida.<\/p>\n\n\n\n<figure class=\"wp-block-image size-full\"><img loading=\"lazy\" decoding=\"async\" width=\"598\" height=\"204\" src=\"https:\/\/radiostudiow.com.br\/site\/wp-content\/uploads\/2024\/04\/image-39.png\" alt=\"\" class=\"wp-image-21311\" srcset=\"https:\/\/radiostudiow.com.br\/site\/wp-content\/uploads\/2024\/04\/image-39.png 598w, https:\/\/radiostudiow.com.br\/site\/wp-content\/uploads\/2024\/04\/image-39-300x102.png 300w\" sizes=\"auto, (max-width: 598px) 100vw, 598px\" \/><\/figure>\n\n\n\n<p><strong>Sobre a SIGVARIS GROUP<\/strong><\/p>\n\n\n\n<p><em>A SIGVARIS GROUP \u00e9 uma empresa su\u00ed\u00e7a de capital 100% familiar desde sua funda\u00e7\u00e3o e\u202fque est\u00e1 empenhada em ajudar as pessoas a se sentirem melhor com solu\u00e7\u00f5es inovadoras e de alta qualidade em terapia de compress\u00e3o m\u00e9dica. Todo dia. No mundo todo. Nosso portf\u00f3lio atende a uma ampla gama de diferentes necessidades e indica\u00e7\u00f5es, com o objetivo de promover sa\u00fade e qualidade de vida \u00e0s pessoas, prevenire tratar doen\u00e7as venosas e proporcionar conforto em todos os momentos da vida. A empresa foi fundada em 1864 na cidade de Winterthur e, por aproximadamente 100 anos, produziu \u201ctecidos emborrachados el\u00e1sticos\u201d, comercializado na Su\u00ed\u00e7a e no Exterior. Entre 1958 e 1960, colaborou com o Dr. Karl Sigg para desenvolver meias m\u00e9dicas de compress\u00e3o para melhorar a fun\u00e7\u00e3o venosa e aliviar os sintomas venosos. O portf\u00f3lio de produtos foi ampliado em 2009 quando as linhas esportivas, de viagem e de bem-estar, dedicadas ao consumidor, foram acrescentadas \u00e0 linha m\u00e9dica. As meias das linhas de viagem e bem-estar proporcionam uma fun\u00e7\u00e3o preventiva e aliviam os primeiros sintomas de problemas nas pernas, enquanto os produtos da linha esportiva apoiam o desempenho dos atletas e seu tempo de recupera\u00e7\u00e3o. No mundo, s\u00e3o 1,5 mil funcion\u00e1rios, em f\u00e1bricas na Su\u00ed\u00e7a, Fran\u00e7a, Brasil, Pol\u00f4nia e Estados Unidos, bem como subsidi\u00e1rias integrais na Alemanha, \u00c1ustria, Reino Unido, Canad\u00e1, China, Austr\u00e1lia, M\u00e9xico e Emirados \u00c1rabes Unidos, com atendimento a 70 pa\u00edses. No Brasil, s\u00e3o mais de 200 funcion\u00e1rios em sua sede, em Jundia\u00ed.<\/em><\/p>\n\n\n\n<p><strong>CDI Comunica\u00e7\u00e3o<\/strong><\/p>\n","protected":false},"excerpt":{"rendered":"<p>Cuidar da sa\u00fade das pernas passa por diversos h\u00e1bitos que incluem a boa alimenta\u00e7\u00e3o, atividade f\u00edsica, check-ups peri\u00f3dicos e evitar o consumo de produtos que podem causar impactos graves ao organismo, como o tabaco. O tabagismo \u00e9 um dos principais fatores para o surgimento da trombose venosa profunda (TVP), caracterizada pela forma\u00e7\u00e3o de co\u00e1gulos no [&hellip;]<\/p>\n","protected":false},"author":2,"featured_media":26702,"comment_status":"open","ping_status":"open","sticky":false,"template":"","format":"standard","meta":{"footnotes":""},"categories":[182],"tags":[172],"class_list":["post-26691","post","type-post","status-publish","format-standard","has-post-thumbnail","hentry","category-saude","tag-featured"],"amp_enabled":true,"_links":{"self":[{"href":"https:\/\/radiostudiow.com.br\/site\/wp-json\/wp\/v2\/posts\/26691","targetHints":{"allow":["GET"]}}],"collection":[{"href":"https:\/\/radiostudiow.com.br\/site\/wp-json\/wp\/v2\/posts"}],"about":[{"href":"https:\/\/radiostudiow.com.br\/site\/wp-json\/wp\/v2\/types\/post"}],"author":[{"embeddable":true,"href":"https:\/\/radiostudiow.com.br\/site\/wp-json\/wp\/v2\/users\/2"}],"replies":[{"embeddable":true,"href":"https:\/\/radiostudiow.com.br\/site\/wp-json\/wp\/v2\/comments?post=26691"}],"version-history":[{"count":3,"href":"https:\/\/radiostudiow.com.br\/site\/wp-json\/wp\/v2\/posts\/26691\/revisions"}],"predecessor-version":[{"id":26724,"href":"https:\/\/radiostudiow.com.br\/site\/wp-json\/wp\/v2\/posts\/26691\/revisions\/26724"}],"wp:featuredmedia":[{"embeddable":true,"href":"https:\/\/radiostudiow.com.br\/site\/wp-json\/wp\/v2\/media\/26702"}],"wp:attachment":[{"href":"https:\/\/radiostudiow.com.br\/site\/wp-json\/wp\/v2\/media?parent=26691"}],"wp:term":[{"taxonomy":"category","embeddable":true,"href":"https:\/\/radiostudiow.com.br\/site\/wp-json\/wp\/v2\/categories?post=26691"},{"taxonomy":"post_tag","embeddable":true,"href":"https:\/\/radiostudiow.com.br\/site\/wp-json\/wp\/v2\/tags?post=26691"}],"curies":[{"name":"wp","href":"https:\/\/api.w.org\/{rel}","templated":true}]}}