{"id":26695,"date":"2024-08-29T10:25:17","date_gmt":"2024-08-29T13:25:17","guid":{"rendered":"https:\/\/radiostudiow.com.br\/site\/?p=26695"},"modified":"2025-01-31T14:58:57","modified_gmt":"2025-01-31T17:58:57","slug":"motorista-com-sinais-de-embriaguez-e-cnh-vencida-se-envolve-em-acidente","status":"publish","type":"post","link":"https:\/\/radiostudiow.com.br\/site\/2024\/08\/29\/motorista-com-sinais-de-embriaguez-e-cnh-vencida-se-envolve-em-acidente\/","title":{"rendered":"Motorista com sinais de embriaguez e CNH vencida se envolve em acidente"},"content":{"rendered":"\n<p>Um caso de acidente de tr\u00e2nsito terminou com um motorista encaminhado a delegacia por volta das 15:30 horas dessa quarta-feira, 28 de agosto, na \u00e1rea central de Uni\u00e3o da Vit\u00f3ria.<\/p>\n\n\n\n<figure class=\"wp-block-image size-large\"><img loading=\"lazy\" decoding=\"async\" width=\"1024\" height=\"390\" src=\"https:\/\/radiostudiow.com.br\/site\/wp-content\/uploads\/2024\/06\/449383450_900410565459867_7398886830294326458_n-1024x390.png\" alt=\"\" class=\"wp-image-24042\" srcset=\"https:\/\/radiostudiow.com.br\/site\/wp-content\/uploads\/2024\/06\/449383450_900410565459867_7398886830294326458_n-1024x390.png 1024w, https:\/\/radiostudiow.com.br\/site\/wp-content\/uploads\/2024\/06\/449383450_900410565459867_7398886830294326458_n-300x114.png 300w, https:\/\/radiostudiow.com.br\/site\/wp-content\/uploads\/2024\/06\/449383450_900410565459867_7398886830294326458_n-768x292.png 768w, https:\/\/radiostudiow.com.br\/site\/wp-content\/uploads\/2024\/06\/449383450_900410565459867_7398886830294326458_n-1536x584.png 1536w, https:\/\/radiostudiow.com.br\/site\/wp-content\/uploads\/2024\/06\/449383450_900410565459867_7398886830294326458_n-2048x779.png 2048w\" sizes=\"auto, (max-width: 1024px) 100vw, 1024px\" \/><\/figure>\n\n\n\n<p>Segundo informa\u00e7\u00f5es, a Pol\u00edcia estava em patrulhamento quando foi abordada por uma mulher que relatou sobre o acidente, indicando onde havia ocorrido. O acidente envolveu dois carros, sendo registrados danos materiais.<\/p>\n\n\n\n<p>Na situa\u00e7\u00e3o, a Pol\u00edcia constatou que o motorista estava com sinais de embriaguez, sendo realizado o teste que aferiu 1,40 mg\/l. Ele tamb\u00e9m estava com a habilita\u00e7\u00e3o vencida e o carro apresentava pend\u00eancias. O motorista foi conduzido para provid\u00eancias.<\/p>\n","protected":false},"excerpt":{"rendered":"<p>Um caso de acidente de tr\u00e2nsito terminou com um motorista encaminhado a delegacia por volta das 15:30 horas dessa quarta-feira, 28 de agosto, na \u00e1rea central de Uni\u00e3o da Vit\u00f3ria. Segundo informa\u00e7\u00f5es, a Pol\u00edcia estava em patrulhamento quando foi abordada por uma mulher que relatou sobre o acidente, indicando onde havia ocorrido. O acidente envolveu [&hellip;]<\/p>\n","protected":false},"author":2,"featured_media":22528,"comment_status":"open","ping_status":"open","sticky":false,"template":"","format":"standard","meta":{"footnotes":""},"categories":[2],"tags":[172],"class_list":["post-26695","post","type-post","status-publish","format-standard","has-post-thumbnail","hentry","category-policial","tag-featured"],"amp_enabled":true,"_links":{"self":[{"href":"https:\/\/radiostudiow.com.br\/site\/wp-json\/wp\/v2\/posts\/26695","targetHints":{"allow":["GET"]}}],"collection":[{"href":"https:\/\/radiostudiow.com.br\/site\/wp-json\/wp\/v2\/posts"}],"about":[{"href":"https:\/\/radiostudiow.com.br\/site\/wp-json\/wp\/v2\/types\/post"}],"author":[{"embeddable":true,"href":"https:\/\/radiostudiow.com.br\/site\/wp-json\/wp\/v2\/users\/2"}],"replies":[{"embeddable":true,"href":"https:\/\/radiostudiow.com.br\/site\/wp-json\/wp\/v2\/comments?post=26695"}],"version-history":[{"count":2,"href":"https:\/\/radiostudiow.com.br\/site\/wp-json\/wp\/v2\/posts\/26695\/revisions"}],"predecessor-version":[{"id":26700,"href":"https:\/\/radiostudiow.com.br\/site\/wp-json\/wp\/v2\/posts\/26695\/revisions\/26700"}],"wp:featuredmedia":[{"embeddable":true,"href":"https:\/\/radiostudiow.com.br\/site\/wp-json\/wp\/v2\/media\/22528"}],"wp:attachment":[{"href":"https:\/\/radiostudiow.com.br\/site\/wp-json\/wp\/v2\/media?parent=26695"}],"wp:term":[{"taxonomy":"category","embeddable":true,"href":"https:\/\/radiostudiow.com.br\/site\/wp-json\/wp\/v2\/categories?post=26695"},{"taxonomy":"post_tag","embeddable":true,"href":"https:\/\/radiostudiow.com.br\/site\/wp-json\/wp\/v2\/tags?post=26695"}],"curies":[{"name":"wp","href":"https:\/\/api.w.org\/{rel}","templated":true}]}}