{"id":26697,"date":"2024-08-30T17:41:43","date_gmt":"2024-08-30T20:41:43","guid":{"rendered":"https:\/\/radiostudiow.com.br\/site\/?p=26697"},"modified":"2025-01-31T14:58:57","modified_gmt":"2025-01-31T17:58:57","slug":"empresas-tem-ate-15-de-setembro-para-comecar-a-inserir-no-e-social-os-dados-dos-exames-toxicologicos-dos-seus-motoristas","status":"publish","type":"post","link":"https:\/\/radiostudiow.com.br\/site\/2024\/08\/30\/empresas-tem-ate-15-de-setembro-para-comecar-a-inserir-no-e-social-os-dados-dos-exames-toxicologicos-dos-seus-motoristas\/","title":{"rendered":"Empresas t\u00eam at\u00e9 15 de setembro para come\u00e7ar a inserir no e-Social os dados dos exames toxicol\u00f3gicos dos seus motoristas"},"content":{"rendered":"\n<p>As empresas contratantes de motoristas profissionais das categorias C, D e E, sob o regime CLT, devem se atentar \u00e0 Portaria n\u00ba 612\/2024 do Minist\u00e9rio do Trabalho e Emprego, vigente desde 1\u00ba de agosto deste ano.<\/p>\n\n\n\n<p>A medida torna obrigat\u00f3rio o exame toxicol\u00f3gico rand\u00f4mico desses colaboradores, que deve ser custeado pelos contratantes. Ainda, \u00e9 necess\u00e1rio o cadastro dos testes no eSocial. <strong><em>O prazo para que se adequem \u00e0 portaria e n\u00e3o sofram as penalidades previstas em lei \u00e9 at\u00e9 o dia 15 de setembro.<\/em><\/strong><\/p>\n\n\n\n<figure class=\"wp-block-image size-full is-resized\"><img loading=\"lazy\" decoding=\"async\" width=\"900\" height=\"408\" src=\"https:\/\/radiostudiow.com.br\/site\/wp-content\/uploads\/2024\/08\/image-64.png\" alt=\"\" class=\"wp-image-26531\" style=\"width:635px;height:auto\" srcset=\"https:\/\/radiostudiow.com.br\/site\/wp-content\/uploads\/2024\/08\/image-64.png 900w, https:\/\/radiostudiow.com.br\/site\/wp-content\/uploads\/2024\/08\/image-64-300x136.png 300w, https:\/\/radiostudiow.com.br\/site\/wp-content\/uploads\/2024\/08\/image-64-768x348.png 768w\" sizes=\"auto, (max-width: 900px) 100vw, 900px\" \/><\/figure>\n\n\n\n<p><strong><u>Diferen\u00e7as: peri\u00f3dico x rand\u00f4mico<\/u><\/strong><br>O exame toxicol\u00f3gico rand\u00f4mico, segundo a Lei Federal n\u00ba 14.599\/2023 e a Portaria n\u00ba 612\/2024 do MTE, \u00e9 uma exig\u00eancia para empresas que t\u00eam motoristas contratados sob o regime CLT. Este exame \u00e9 realizado ap\u00f3s sorteio para sele\u00e7\u00e3o aleat\u00f3ria dos profissionais que ser\u00e3o testados e s\u00f3 pode ser feito por laborat\u00f3rios acreditados pela Norma ABNT NBR ISO\/IEC 17025, sem possibilidade de aviso pr\u00e9vio \u2013 uma medida para coibir fraudes. Ainda, as empresas t\u00eam de testar todos os motoristas contratados randomicamente a cada 30 meses. A medida contribui para a redu\u00e7\u00e3o de acidentes nas estradas brasileiras, garantindo que os motoristas estejam livres de subst\u00e2ncias psicoativas que comprometam a seguran\u00e7a no tr\u00e2nsito.<\/p>\n\n\n\n<p>J\u00e1 o exame toxicol\u00f3gico peri\u00f3dico, previsto no C\u00f3digo de Tr\u00e2nsito Brasileiro (CTB), deve ser realizado tamb\u00e9m a cada 30 meses por todos os motoristas que tenham CNH nas categorias C, D e E. <strong><em>N\u00e3o realizar o exame no prazo estipulado acarreta infra\u00e7\u00e3o gravissima, multa de R$1.467,35, al\u00e9m de sete pontos na CNH.<\/em><\/strong><\/p>\n\n\n\n<figure class=\"wp-block-image size-full\"><img loading=\"lazy\" decoding=\"async\" width=\"1024\" height=\"576\" src=\"https:\/\/radiostudiow.com.br\/site\/wp-content\/uploads\/2024\/08\/03-8.jpg\" alt=\"\" class=\"wp-image-26829\" srcset=\"https:\/\/radiostudiow.com.br\/site\/wp-content\/uploads\/2024\/08\/03-8.jpg 1024w, https:\/\/radiostudiow.com.br\/site\/wp-content\/uploads\/2024\/08\/03-8-300x169.jpg 300w, https:\/\/radiostudiow.com.br\/site\/wp-content\/uploads\/2024\/08\/03-8-768x432.jpg 768w\" sizes=\"auto, (max-width: 1024px) 100vw, 1024px\" \/><\/figure>\n\n\n\n<p><strong><u>Exame rand\u00f4mico e o eSocial<\/u><\/strong><br>Al\u00e9m disso, a portaria torna obrigat\u00f3rio que o empregador insira no eSocial um conjunto de informa\u00e7\u00f5es sobre os exames dos motoristas das categorias C, D e E, que devem ser realizados na admiss\u00e3o, demiss\u00e3o e na sele\u00e7\u00e3o rand\u00f4mica, sendo: CPF do motorista, data do exame, CNPJ do laborat\u00f3rio e c\u00f3digo do relat\u00f3rio m\u00e9dico.<\/p>\n\n\n\n<p><em><strong>A aus\u00eancia desse registro pode resultar em multas que variam de R$600 a R$4.000, al\u00e9m de outras penalidades, como a perda de cobertura de seguro em caso de sinistro e restri\u00e7\u00f5es na participa\u00e7\u00e3o de licita\u00e7\u00f5es p\u00fablicas.<\/strong><\/em><\/p>\n\n\n\n<figure class=\"wp-block-image size-large\"><img loading=\"lazy\" decoding=\"async\" width=\"1024\" height=\"1024\" src=\"https:\/\/radiostudiow.com.br\/site\/wp-content\/uploads\/2024\/08\/LABIRATI-1-1024x1024.png\" alt=\"\" class=\"wp-image-26811\" srcset=\"https:\/\/radiostudiow.com.br\/site\/wp-content\/uploads\/2024\/08\/LABIRATI-1-1024x1024.png 1024w, https:\/\/radiostudiow.com.br\/site\/wp-content\/uploads\/2024\/08\/LABIRATI-1-300x300.png 300w, https:\/\/radiostudiow.com.br\/site\/wp-content\/uploads\/2024\/08\/LABIRATI-1-768x768.png 768w, https:\/\/radiostudiow.com.br\/site\/wp-content\/uploads\/2024\/08\/LABIRATI-1-1536x1536.png 1536w, https:\/\/radiostudiow.com.br\/site\/wp-content\/uploads\/2024\/08\/LABIRATI-1-80x80.png 80w, https:\/\/radiostudiow.com.br\/site\/wp-content\/uploads\/2024\/08\/LABIRATI-1.png 1600w\" sizes=\"auto, (max-width: 1024px) 100vw, 1024px\" \/><\/figure>\n\n\n\n<p>De acordo com Pedro Serafim, presidente da Associa\u00e7\u00e3o Brasileira de Toxicologia (ABTox), a combina\u00e7\u00e3o dessas duas obriga\u00e7\u00f5es \u00e9 fundamental para manter uma frequ\u00eancia m\u00ednima de testagem destes motoristas assecurat\u00f3ria da efici\u00eancia da pol\u00edtica p\u00fablica e, consequentemente, reduzir o n\u00famero de acidentes nas estradas brasileiras. <em><strong>\u201cAo garantir que motoristas estejam sempre em conformidade com as exig\u00eancias legais, estamos promovendo um ambiente de tr\u00e2nsito mais seguro e que leve em conta as principais normas trabalhistas,\u201d afirma Pedro.<\/strong><\/em><\/p>\n","protected":false},"excerpt":{"rendered":"<p>As empresas contratantes de motoristas profissionais das categorias C, D e E, sob o regime CLT, devem se atentar \u00e0 Portaria n\u00ba 612\/2024 do Minist\u00e9rio do Trabalho e Emprego, vigente desde 1\u00ba de agosto deste ano. A medida torna obrigat\u00f3rio o exame toxicol\u00f3gico rand\u00f4mico desses colaboradores, que deve ser custeado pelos contratantes. Ainda, \u00e9 necess\u00e1rio [&hellip;]<\/p>\n","protected":false},"author":2,"featured_media":26813,"comment_status":"open","ping_status":"open","sticky":false,"template":"","format":"standard","meta":{"footnotes":""},"categories":[7],"tags":[172],"class_list":["post-26697","post","type-post","status-publish","format-standard","has-post-thumbnail","hentry","category-geral","tag-featured"],"amp_enabled":true,"_links":{"self":[{"href":"https:\/\/radiostudiow.com.br\/site\/wp-json\/wp\/v2\/posts\/26697","targetHints":{"allow":["GET"]}}],"collection":[{"href":"https:\/\/radiostudiow.com.br\/site\/wp-json\/wp\/v2\/posts"}],"about":[{"href":"https:\/\/radiostudiow.com.br\/site\/wp-json\/wp\/v2\/types\/post"}],"author":[{"embeddable":true,"href":"https:\/\/radiostudiow.com.br\/site\/wp-json\/wp\/v2\/users\/2"}],"replies":[{"embeddable":true,"href":"https:\/\/radiostudiow.com.br\/site\/wp-json\/wp\/v2\/comments?post=26697"}],"version-history":[{"count":6,"href":"https:\/\/radiostudiow.com.br\/site\/wp-json\/wp\/v2\/posts\/26697\/revisions"}],"predecessor-version":[{"id":26831,"href":"https:\/\/radiostudiow.com.br\/site\/wp-json\/wp\/v2\/posts\/26697\/revisions\/26831"}],"wp:featuredmedia":[{"embeddable":true,"href":"https:\/\/radiostudiow.com.br\/site\/wp-json\/wp\/v2\/media\/26813"}],"wp:attachment":[{"href":"https:\/\/radiostudiow.com.br\/site\/wp-json\/wp\/v2\/media?parent=26697"}],"wp:term":[{"taxonomy":"category","embeddable":true,"href":"https:\/\/radiostudiow.com.br\/site\/wp-json\/wp\/v2\/categories?post=26697"},{"taxonomy":"post_tag","embeddable":true,"href":"https:\/\/radiostudiow.com.br\/site\/wp-json\/wp\/v2\/tags?post=26697"}],"curies":[{"name":"wp","href":"https:\/\/api.w.org\/{rel}","templated":true}]}}