{"id":26704,"date":"2024-08-29T11:05:11","date_gmt":"2024-08-29T14:05:11","guid":{"rendered":"https:\/\/radiostudiow.com.br\/site\/?p=26704"},"modified":"2025-01-31T14:58:57","modified_gmt":"2025-01-31T17:58:57","slug":"governador-formaliza-reajuste-de-programas-rurais-de-combate-a-vulnerabilidade","status":"publish","type":"post","link":"https:\/\/radiostudiow.com.br\/site\/2024\/08\/29\/governador-formaliza-reajuste-de-programas-rurais-de-combate-a-vulnerabilidade\/","title":{"rendered":"Governador formaliza reajuste de programas rurais de combate \u00e0 vulnerabilidade"},"content":{"rendered":"\n<p>O governador Carlos Massa Ratinho Junior formalizou nesta segunda-feira (26) o reajuste de valores repassados \u00e0s fam\u00edlias atendidas pelos programas Renda Agricultor Familiar e Inclus\u00e3o Produtiva Solid\u00e1ria. A partir da assinatura do&nbsp;<a href=\"https:\/\/www.aen.pr.gov.br\/sites\/default\/arquivos_restritos\/files\/documento\/2024-08\/7151_4.pdf\" target=\"_blank\" rel=\"noreferrer noopener\">Decreto 7.151<\/a>&nbsp;, as fam\u00edlias passar\u00e3o a receber R$ 6 mil para o desenvolvimento de projetos produtivos rurais, que visam melhorias na renda familiar, bem como melhorias sanit\u00e1rias domiciliar, contribuindo para a preserva\u00e7\u00e3o do solo e da \u00e1gua.<\/p>\n\n\n\n<figure class=\"wp-block-image size-full\"><img loading=\"lazy\" decoding=\"async\" width=\"897\" height=\"204\" src=\"https:\/\/radiostudiow.com.br\/site\/wp-content\/uploads\/2024\/04\/image-18.png\" alt=\"\" class=\"wp-image-21207\" srcset=\"https:\/\/radiostudiow.com.br\/site\/wp-content\/uploads\/2024\/04\/image-18.png 897w, https:\/\/radiostudiow.com.br\/site\/wp-content\/uploads\/2024\/04\/image-18-300x68.png 300w, https:\/\/radiostudiow.com.br\/site\/wp-content\/uploads\/2024\/04\/image-18-768x175.png 768w\" sizes=\"auto, (max-width: 897px) 100vw, 897px\" \/><\/figure>\n\n\n\n<p>Desde 2019, os projetos, que s\u00e3o desenvolvidos de forma intersetorial entre as secretarias do Desenvolvimento Social e Fam\u00edlia (Sedef), da Agricultura e do Abastecimento (Seab), por meio do Instituto de Desenvolvimento Rural do Paran\u00e1 \u2013 Iapar-Emater (IDR-Paran\u00e1), j\u00e1 atenderam 10.600 fam\u00edlias em 375 munic\u00edpios.<\/p>\n\n\n\n<p>At\u00e9 ent\u00e3o, as fam\u00edlias do Renda Agricultor Familiar recebiam R$ 3 mil em duas parcelas e as do Inclus\u00e3o Produtiva Solid\u00e1ria R$ 4 mil em parcela \u00fanica, valores reajustados e igualados a partir do decreto 7.151\/2024.<\/p>\n\n\n\n<p>Por meio deste decreto, inicialmente mil fam\u00edlias ser\u00e3o atendidas em 93 munic\u00edpios, priorizando 49 que comp\u00f5em a&nbsp;<a href=\"https:\/\/www.aen.pr.gov.br\/Noticia\/Rota-do-Progresso-Governo-disponibiliza-R-25-bilhoes-para-desenvolvimento-de-municipios\" target=\"_blank\" rel=\"noreferrer noopener\">Rota do Progresso<\/a>&nbsp;\u2013 programa lan\u00e7ado em junho&nbsp;pelo governador Carlos Massa Ratinho Junior que envolve a destina\u00e7\u00e3o de R$ 2,5 bilh\u00f5es para atender 80 munic\u00edpios com \u00edndices de desenvolvimento abaixo da m\u00e9dia estadual.&nbsp;<\/p>\n\n\n\n<figure class=\"wp-block-image size-full\"><img loading=\"lazy\" decoding=\"async\" width=\"300\" height=\"180\" src=\"https:\/\/radiostudiow.com.br\/site\/wp-content\/uploads\/2024\/04\/SITE-PEQUENO-1.png\" alt=\"\" class=\"wp-image-21868\"\/><\/figure>\n\n\n\n<p>Para o secret\u00e1rio do Desenvolvimento Social e Fam\u00edlia, Rog\u00e9rio Carboni, esse \u00e9 um avan\u00e7o importante n\u00e3o apenas no vi\u00e9s financeiro, mas principalmente no social.<strong><em> \u201cEstamos buscando a emancipa\u00e7\u00e3o das fam\u00edlias rurais, que desenvolvem importantes projetos que garantam uma melhoria da qualidade de vida de cada um, levando emancipa\u00e7\u00e3o \u00e0s fam\u00edlias\u201d, destacou.<\/em><\/strong><\/p>\n\n\n\n<p>O Inclus\u00e3o Produtiva Solid\u00e1ria e o Renda Agricultor Familiar fazem parte do Programa Nossa Gente Paran\u00e1, tamb\u00e9m desenvolvido de forma intersetorial, em que os t\u00e9cnicos do IDR Paran\u00e1 desenvolvem projetos e acompanham as fam\u00edlias na execu\u00e7\u00e3o deles.<\/p>\n\n\n\n<p><strong><em>\u201cH\u00e1 uma parcela da popula\u00e7\u00e3o rural que precisa de um olhar um pouco mais atencioso do Estado. O Renda Agricultor e o Inclus\u00e3o Produtiva Solid\u00e1ria s\u00e3o programas que nasceram dessa sensibilidade social e se sustentam no prop\u00f3sito de proporcionar que a agricultura familiar se torne mais competitiva e geradora de riquezas\u201d, disse o secret\u00e1rio de Estado da Agricultura e do Abastecimento, Natalino Avance de Souza.<\/em><\/strong><\/p>\n\n\n\n<div class=\"wp-block-media-text is-stacked-on-mobile\"><figure class=\"wp-block-media-text__media\"><img loading=\"lazy\" decoding=\"async\" width=\"500\" height=\"500\" src=\"https:\/\/radiostudiow.com.br\/site\/wp-content\/uploads\/2024\/08\/image-73.png\" alt=\"\" class=\"wp-image-26706 size-full\" srcset=\"https:\/\/radiostudiow.com.br\/site\/wp-content\/uploads\/2024\/08\/image-73.png 500w, https:\/\/radiostudiow.com.br\/site\/wp-content\/uploads\/2024\/08\/image-73-300x300.png 300w, https:\/\/radiostudiow.com.br\/site\/wp-content\/uploads\/2024\/08\/image-73-80x80.png 80w\" sizes=\"auto, (max-width: 500px) 100vw, 500px\" \/><\/figure><div class=\"wp-block-media-text__content\">\n<p><strong>SICREDI MALLET<\/strong><\/p>\n\n\n\n<p>Rua Mal. Floriano Peixoto, 172 &#8211; 92 &#8211; Centro, Mallet &#8211; PR<\/p>\n\n\n\n<p>Telefone: (42) 3542-2158<\/p>\n<\/div><\/div>\n\n\n\n<p><strong>PROGRAMAS&nbsp;<\/strong>\u2013 O Renda Agricultor Familiar tem como objetivo a inclus\u00e3o socioprodutiva de fam\u00edlias rurais em situa\u00e7\u00e3o de vulnerabilidade social, por meio da disponibiliza\u00e7\u00e3o de servi\u00e7os de Assist\u00eancia T\u00e9cnica e Extens\u00e3o Rural (ATER) e transfer\u00eancia de recurso financeiro \u00e0s fam\u00edlias para investimento em melhorias no saneamento b\u00e1sico, produ\u00e7\u00e3o para consumo pr\u00f3prio e atividades agropecu\u00e1rias e n\u00e3o agropecu\u00e1rias.<\/p>\n\n\n\n<p>J\u00e1 o Inclus\u00e3o Produtiva Solid\u00e1ria quer promover a gera\u00e7\u00e3o de renda no meio rural, por meio de atividades produtivas coletivas, como associativismo, cooperativismo e grupos de autogest\u00e3o. A formula\u00e7\u00e3o de projetos produtivos coletivos otimiza a aplica\u00e7\u00e3o de recursos e esfor\u00e7os, contribuindo para o bem comum do territ\u00f3rio e o fortalecimento dos v\u00ednculos comunit\u00e1rios e familiares. Cada fam\u00edlia do grupo recebe recurso financeiro, para aplica\u00e7\u00e3o no projeto coletivo.<\/p>\n","protected":false},"excerpt":{"rendered":"<p>O governador Carlos Massa Ratinho Junior formalizou nesta segunda-feira (26) o reajuste de valores repassados \u00e0s fam\u00edlias atendidas pelos programas Renda Agricultor Familiar e Inclus\u00e3o Produtiva Solid\u00e1ria. A partir da assinatura do&nbsp;Decreto 7.151&nbsp;, as fam\u00edlias passar\u00e3o a receber R$ 6 mil para o desenvolvimento de projetos produtivos rurais, que visam melhorias na renda familiar, bem [&hellip;]<\/p>\n","protected":false},"author":2,"featured_media":26705,"comment_status":"open","ping_status":"open","sticky":false,"template":"","format":"standard","meta":{"footnotes":""},"categories":[7],"tags":[172],"class_list":["post-26704","post","type-post","status-publish","format-standard","has-post-thumbnail","hentry","category-geral","tag-featured"],"amp_enabled":true,"_links":{"self":[{"href":"https:\/\/radiostudiow.com.br\/site\/wp-json\/wp\/v2\/posts\/26704","targetHints":{"allow":["GET"]}}],"collection":[{"href":"https:\/\/radiostudiow.com.br\/site\/wp-json\/wp\/v2\/posts"}],"about":[{"href":"https:\/\/radiostudiow.com.br\/site\/wp-json\/wp\/v2\/types\/post"}],"author":[{"embeddable":true,"href":"https:\/\/radiostudiow.com.br\/site\/wp-json\/wp\/v2\/users\/2"}],"replies":[{"embeddable":true,"href":"https:\/\/radiostudiow.com.br\/site\/wp-json\/wp\/v2\/comments?post=26704"}],"version-history":[{"count":1,"href":"https:\/\/radiostudiow.com.br\/site\/wp-json\/wp\/v2\/posts\/26704\/revisions"}],"predecessor-version":[{"id":26707,"href":"https:\/\/radiostudiow.com.br\/site\/wp-json\/wp\/v2\/posts\/26704\/revisions\/26707"}],"wp:featuredmedia":[{"embeddable":true,"href":"https:\/\/radiostudiow.com.br\/site\/wp-json\/wp\/v2\/media\/26705"}],"wp:attachment":[{"href":"https:\/\/radiostudiow.com.br\/site\/wp-json\/wp\/v2\/media?parent=26704"}],"wp:term":[{"taxonomy":"category","embeddable":true,"href":"https:\/\/radiostudiow.com.br\/site\/wp-json\/wp\/v2\/categories?post=26704"},{"taxonomy":"post_tag","embeddable":true,"href":"https:\/\/radiostudiow.com.br\/site\/wp-json\/wp\/v2\/tags?post=26704"}],"curies":[{"name":"wp","href":"https:\/\/api.w.org\/{rel}","templated":true}]}}